{"id":966,"date":"2023-03-25T19:22:10","date_gmt":"2023-03-25T18:22:10","guid":{"rendered":"https:\/\/www.udomittendrin.de\/udomittendrin\/wordpress\/?p=966"},"modified":"2023-03-26T19:22:21","modified_gmt":"2023-03-26T17:22:21","slug":"der-zirkel-leon-sachs","status":"publish","type":"post","link":"https:\/\/www.udomittendrin.de\/udomittendrin\/wordpress\/2023\/03\/25\/der-zirkel-leon-sachs\/","title":{"rendered":"Der Zirkel &#8211; Leon Sachs"},"content":{"rendered":"\n<h3 class=\"wp-block-heading\">Spannung garantiert<\/h3>\n\n\n\n<p>Johanna B\u00f6hm und Rasmus Falk sind die zwei Protagonisten in einem gl\u00e4nzend erz\u00e4hlten Thriller von Leon Sachs. Der Stoff: aktueller denn je &#8211; eine politische Gruppierung greift nach der Macht, in deren Umfeld ist Geld und Macht und ein Intrigenspiel verwoben, wer kommt wem auf die Spur, wer kann wem vertrauen, welche Informationen flie\u00dfen wohin?<\/p>\n\n\n\n<p>Von Anbeginn hat Leon Sachs den Leser &#8222;am Haken&#8220;. Die Story ist authentisch, der Schreibstil fl\u00fcssig, die Charakter allesamt echt und lebendig. Johanna B\u00f6hm, die Polizeianw\u00e4rterin wird eines Tages von Rasmus Falk heimgesucht. Von nun an nimmt ein undurchschaubares Spiel seinen Lauf. Der Ort der Handlung ist den jeweiligen (kurzweiligen) Kapiteln zugeordnet &#8211; der Leser selbst sp\u00fcrt: es ist komplex, aber niemals unlogisch &#8211; der Spannungsbogen nimmt Fahrt auf. Gemeinsam versuchen Johanna und Rasmus einer Spur zu folgen, die  gef\u00e4hrlich nah in die eigene Vergangenheit f\u00fchrt.<\/p>\n\n\n\n<p>Spannend, mitrei\u00dfend und toll erz\u00e4hlt. Drei Tote an drei verschiedenen Orten bzw. in drei L\u00e4ndern scheinen zun\u00e4chst keinerlei Verbindung aufzuweisen. Doch Kapitel f\u00fcr Kapitel n\u00e4hert sich der Leser den einzelnen Mosaiksteinchen der Story, die zu keinem Zeitpunkt an Spannung verliert, im Gegenteil. Man will wissen, wie es weitergeht, ob bzw. warum die Opfer in Verbindung zu den politischen Ambitionen von Carl Bellmann stehen &#8211; zun\u00e4chst ist keinerlei Zusammenhang zwischen Italien, Frankreich und Rostock erkennbar.<\/p>\n\n\n\n<p>Sachs verwebt die F\u00e4den der Handlung geschickt, und dennoch bleibt der Thriller bis zum Schluss facettenreich und vermag auch auf den letzten Seiten mit Wendungen nicht zu geizen. Klasse gemacht. Johanna B\u00f6hm, Rasmus Falk, aber auch Freund Boris, der zwielichtige Kanzlerkandidat Carl Bellmann, oder der kurze Auftritt von Teresa Osterkamp, Polizeichef Erhard Spahn oder Kollegin Kerstin DeJong &#8230; die Personen machen die Story lebendig und sorgen f\u00fcr die richtige Portion &#8222;W\u00fcrze&#8220; in Handlung und Dialog.<\/p>\n\n\n\n<h2 class=\"wp-block-heading\">Fazit: <\/h2>\n\n\n\n<p>Toller Thriller mit prima Protagonisten, die von Beginn an dem Erz\u00e4hlstrang die notwendige Authentizit\u00e4t verschaffen. Spannung satt, thematisch sehr realistisch und somit auch ein guter Diskussionsstoff am Ende der Lekt\u00fcre. Volle *****Sterne.  Leon Sachs, alias Marc Leon Merten? Gerne wieder.<\/p>\n\n\n\n<p>(c) www.udomittendrin, 25.03.23 *** <\/p>\n\n\n<div class=\"wp-block-image\">\n<figure class=\"aligncenter size-full\"><img loading=\"lazy\" decoding=\"async\" width=\"350\" height=\"530\" src=\"https:\/\/www.udomittendrin.de\/udomittendrin\/wordpress\/wp-content\/uploads\/2023\/03\/Zirkel.jpeg\" alt=\"\" class=\"wp-image-944\" srcset=\"https:\/\/www.udomittendrin.de\/udomittendrin\/wordpress\/wp-content\/uploads\/2023\/03\/Zirkel.jpeg 350w, https:\/\/www.udomittendrin.de\/udomittendrin\/wordpress\/wp-content\/uploads\/2023\/03\/Zirkel-198x300.jpeg 198w\" sizes=\"auto, (max-width: 350px) 100vw, 350px\" \/><figcaption class=\"wp-element-caption\">so geht Spannung<\/figcaption><\/figure>\n<\/div>\n\n\n<p><\/p>\n","protected":false},"excerpt":{"rendered":"<p>Spannung garantiert Johanna B\u00f6hm und Rasmus Falk sind die zwei Protagonisten in einem gl\u00e4nzend erz\u00e4hlten Thriller von Leon Sachs. Der Stoff: aktueller denn je &#8211; eine politische Gruppierung greift nach der Macht, in deren Umfeld ist Geld und Macht und ein Intrigenspiel verwoben, wer kommt wem auf die Spur, wer kann wem vertrauen, welche Informationen [&hellip;]<\/p>\n","protected":false},"author":1,"featured_media":944,"comment_status":"open","ping_status":"open","sticky":false,"template":"","format":"standard","meta":{"_monsterinsights_skip_tracking":false,"_monsterinsights_sitenote_active":false,"_monsterinsights_sitenote_note":"","_monsterinsights_sitenote_category":0,"footnotes":""},"categories":[78],"tags":[87,211,98,130,114],"class_list":["post-966","post","type-post","status-publish","format-standard","has-post-thumbnail","hentry","category-books","tag-buecher","tag-penguin","tag-penguinverlag","tag-spannung","tag-thriller"],"_links":{"self":[{"href":"https:\/\/www.udomittendrin.de\/udomittendrin\/wordpress\/wp-json\/wp\/v2\/posts\/966","targetHints":{"allow":["GET"]}}],"collection":[{"href":"https:\/\/www.udomittendrin.de\/udomittendrin\/wordpress\/wp-json\/wp\/v2\/posts"}],"about":[{"href":"https:\/\/www.udomittendrin.de\/udomittendrin\/wordpress\/wp-json\/wp\/v2\/types\/post"}],"author":[{"embeddable":true,"href":"https:\/\/www.udomittendrin.de\/udomittendrin\/wordpress\/wp-json\/wp\/v2\/users\/1"}],"replies":[{"embeddable":true,"href":"https:\/\/www.udomittendrin.de\/udomittendrin\/wordpress\/wp-json\/wp\/v2\/comments?post=966"}],"version-history":[{"count":2,"href":"https:\/\/www.udomittendrin.de\/udomittendrin\/wordpress\/wp-json\/wp\/v2\/posts\/966\/revisions"}],"predecessor-version":[{"id":968,"href":"https:\/\/www.udomittendrin.de\/udomittendrin\/wordpress\/wp-json\/wp\/v2\/posts\/966\/revisions\/968"}],"wp:featuredmedia":[{"embeddable":true,"href":"https:\/\/www.udomittendrin.de\/udomittendrin\/wordpress\/wp-json\/wp\/v2\/media\/944"}],"wp:attachment":[{"href":"https:\/\/www.udomittendrin.de\/udomittendrin\/wordpress\/wp-json\/wp\/v2\/media?parent=966"}],"wp:term":[{"taxonomy":"category","embeddable":true,"href":"https:\/\/www.udomittendrin.de\/udomittendrin\/wordpress\/wp-json\/wp\/v2\/categories?post=966"},{"taxonomy":"post_tag","embeddable":true,"href":"https:\/\/www.udomittendrin.de\/udomittendrin\/wordpress\/wp-json\/wp\/v2\/tags?post=966"}],"curies":[{"name":"wp","href":"https:\/\/api.w.org\/{rel}","templated":true}]}}