{"id":936,"date":"2023-02-08T21:52:59","date_gmt":"2023-02-08T20:52:59","guid":{"rendered":"https:\/\/www.udomittendrin.de\/udomittendrin\/wordpress\/?p=936"},"modified":"2023-03-12T19:51:57","modified_gmt":"2023-03-12T18:51:57","slug":"hanne-die-leute-gucken-schon","status":"publish","type":"post","link":"https:\/\/www.udomittendrin.de\/udomittendrin\/wordpress\/2023\/02\/08\/hanne-die-leute-gucken-schon\/","title":{"rendered":"Hanne, die Leute gucken schon"},"content":{"rendered":"\n<h2 class=\"wp-block-heading\">Einf\u00fchlsamer Roman und Familien Triologie von Felicitas Fuchs<\/h2>\n\n\n\n<p>Das Cover verr\u00e4t es schon. Wir schreiben das die fr\u00fchen f\u00fcnfziger Jahre und Band2 der Triologie von Felicitas Fuchs nimmt seine Handlung im Jahr 1951 auf.<\/p>\n\n\n\n<p>&#8222;Minden 1951: Hanne w\u00e4chst in bescheidenen Verh\u00e4ltnissen heran. Ihre Mutter Minna sorgt daf\u00fcr, dass alles in geregelten Bahnen verl\u00e4uft, sogar ein bisschen Gl\u00fcck scheint endlich wieder m\u00f6glich. Als Hanne dem smarten, viel \u00e4lteren Paul Wagner begegnet und sich zum ersten Mal verliebt, nimmt ihr Leben eine Wendung, die f\u00fcr immer alles ver\u00e4ndert.&#8220; verr\u00e4t der Klappentext und ich war gespannt diese Geschichte.<\/p>\n\n\n\n<p>Vorweg: ein sehr sch\u00f6nes, mitunter auch mal trauriges, Buch, einf\u00fchlsam erz\u00e4hlt, in einer klaren und sehr angenehmen Sprache. Alle Charakter der Handlung (die zum Teil fiktiv, zum Teil aber wohl auch autobiographische Urspr\u00fcnge hat) werden mit der ersten Seite lebendig, sind ausnahmslos authentisch und &#8211; wie so oft im Leben: man mag sie oder man mag sie eben nicht. Der Lauf der Jahre, Band2 spielt in den Jahren 1951 bis 1978, wird pr\u00e4zise, schl\u00fcssig und flie\u00dfend erkl\u00e4rt. Man sp\u00fcrt den Zeitgeist dieser Nachkriegsgeneration, erlebt wie sich verschiedene Lebensentw\u00fcrfe entwickeln und wie die Familien ihrer Wege gehe.<\/p>\n\n\n\n<p>Im Fokus der Handlung ist Minna, allein erziehende Mutter von Hanne. Hanne entwickelt sich im Laufe des Romans vom Kleinkind bis \u00fcber die Pubert\u00e4t hinaus. Man sp\u00fcrt diese zwei, aber auch alle anderen Protagonisten, leibhaftig, erlebt die Reaktionen, S\u00e4tze, Entscheidungen und vieles mehr zustimmend oder manches Mal aber auch erschreckend skeptisch &#8211; wie geht das nur weiter?<\/p>\n\n\n\n<p>Minna, streng, liebevoll und besorgt hat es &#8211; alleinerziehend &#8211; nicht leicht. Ihre Freundin Fannie blickt auf eine traurige Vergangenheit zur\u00fcck und f\u00fchrt ein g\u00e4nzlich anderes Leben gemeinsam mit Hans, ihrem Mann. Karl, der Bruder von Minna, hat Wilhelmine an seiner Seite, die keine Gelegenheit ungenutzt l\u00e4sst, ihre Boshaftigkeit nach au\u00dfen zu tragen. Das Hanne sich im Laufe der Jahre weiter entwickelt ist der Gang der Zeit und als sie tats\u00e4chlich den oben bereits genannten Paul Wagner begegnet, ver\u00e4ndern sich die Dinge bis weit \u00fcber den Band 2 hinaus. (dieser erscheint im Juli23 &#8211; die Lesezeit ist bereits reserviert).<\/p>\n\n\n\n<p>Das Buch nimmt einen mit auf eine Zeitreise. Es hebt sanft mahnend den Zeigefinger ob der Fehler, die Menschen nun mal machen. Es erz\u00e4hlt eine Lebensgeschichte, wie sie sich vielleicht zigmal in dieser Republik zugetragen haben k\u00f6nnten, mal mehr oder mal weniger dramatisch, erfreulich, &#8230; wie auch immer. Es ist weder ein Krimi, noch ein Drama, keine Kom\u00f6die und doch ist es spannend, mal heiter, mal nachdenklich aber niemals &#8222;flach&#8220; &#8211; im Gegenteil. Mit jeder Seite wachsen die Sympathien f\u00fcr einige Protagonisten, mit jeder Seiter hofft man, dass sich diese oder jene Entwicklung doch bitte noch f\u00fcgen m\u00f6ge &#8230; und am Ende dieser 598 Seiten legt man das Buch etwas nachdenklich gestimmt zur Seite und m\u00f6chte sofort den Band3 zur Hand nehmen (ich werde jetzt mit Band1 nachholen, was zuvor geschah).<\/p>\n\n\n\n<h2 class=\"wp-block-heading\"><strong>Fazit<\/strong>: <\/h2>\n\n\n\n<p>F\u00fcnf Sterne sind keiner zu wenig. Ein tolles Buch. Eine Geschichte die zum Nachdenken anregt und den Leser sehr gef\u00fchlvoll vermittelt, wie es der Generation nach dem Krieg ergangen sein k\u00f6nnte. Danke daf\u00fcr. ***** (c) udomittendrin, Febr23<\/p>\n\n\n<div class=\"wp-block-image\">\n<figure class=\"aligncenter size-full\"><img loading=\"lazy\" decoding=\"async\" width=\"350\" height=\"534\" src=\"https:\/\/www.udomittendrin.de\/udomittendrin\/wordpress\/wp-content\/uploads\/2023\/02\/hanne_die_leute.jpeg\" alt=\"\" class=\"wp-image-935\" srcset=\"https:\/\/www.udomittendrin.de\/udomittendrin\/wordpress\/wp-content\/uploads\/2023\/02\/hanne_die_leute.jpeg 350w, https:\/\/www.udomittendrin.de\/udomittendrin\/wordpress\/wp-content\/uploads\/2023\/02\/hanne_die_leute-197x300.jpeg 197w\" sizes=\"auto, (max-width: 350px) 100vw, 350px\" \/><figcaption class=\"wp-element-caption\">by the way: das Cover ist klasse !<\/figcaption><\/figure>\n<\/div>\n\n\n<p><strong>PS<\/strong>: Felicitas Fuchs ist das Pseudonym von Carla Berling, die sich bereits mit Krimis, Kom\u00f6dien und temperamentvollen Lesungen einen Fankreis geschaffen hat. Ich geh\u00f6r seit heut dazu.<\/p>\n","protected":false},"excerpt":{"rendered":"<p>Einf\u00fchlsamer Roman und Familien Triologie von Felicitas Fuchs Das Cover verr\u00e4t es schon. Wir schreiben das die fr\u00fchen f\u00fcnfziger Jahre und Band2 der Triologie von Felicitas Fuchs nimmt seine Handlung im Jahr 1951 auf. &#8222;Minden 1951: Hanne w\u00e4chst in bescheidenen Verh\u00e4ltnissen heran. Ihre Mutter Minna sorgt daf\u00fcr, dass alles in geregelten Bahnen verl\u00e4uft, sogar ein [&hellip;]<\/p>\n","protected":false},"author":1,"featured_media":935,"comment_status":"open","ping_status":"open","sticky":false,"template":"","format":"standard","meta":{"_monsterinsights_skip_tracking":false,"_monsterinsights_sitenote_active":false,"_monsterinsights_sitenote_note":"","_monsterinsights_sitenote_category":0,"footnotes":""},"categories":[78],"tags":[107,141],"class_list":["post-936","post","type-post","status-publish","format-standard","has-post-thumbnail","hentry","category-books","tag-heyne","tag-roman"],"_links":{"self":[{"href":"https:\/\/www.udomittendrin.de\/udomittendrin\/wordpress\/wp-json\/wp\/v2\/posts\/936","targetHints":{"allow":["GET"]}}],"collection":[{"href":"https:\/\/www.udomittendrin.de\/udomittendrin\/wordpress\/wp-json\/wp\/v2\/posts"}],"about":[{"href":"https:\/\/www.udomittendrin.de\/udomittendrin\/wordpress\/wp-json\/wp\/v2\/types\/post"}],"author":[{"embeddable":true,"href":"https:\/\/www.udomittendrin.de\/udomittendrin\/wordpress\/wp-json\/wp\/v2\/users\/1"}],"replies":[{"embeddable":true,"href":"https:\/\/www.udomittendrin.de\/udomittendrin\/wordpress\/wp-json\/wp\/v2\/comments?post=936"}],"version-history":[{"count":1,"href":"https:\/\/www.udomittendrin.de\/udomittendrin\/wordpress\/wp-json\/wp\/v2\/posts\/936\/revisions"}],"predecessor-version":[{"id":937,"href":"https:\/\/www.udomittendrin.de\/udomittendrin\/wordpress\/wp-json\/wp\/v2\/posts\/936\/revisions\/937"}],"wp:featuredmedia":[{"embeddable":true,"href":"https:\/\/www.udomittendrin.de\/udomittendrin\/wordpress\/wp-json\/wp\/v2\/media\/935"}],"wp:attachment":[{"href":"https:\/\/www.udomittendrin.de\/udomittendrin\/wordpress\/wp-json\/wp\/v2\/media?parent=936"}],"wp:term":[{"taxonomy":"category","embeddable":true,"href":"https:\/\/www.udomittendrin.de\/udomittendrin\/wordpress\/wp-json\/wp\/v2\/categories?post=936"},{"taxonomy":"post_tag","embeddable":true,"href":"https:\/\/www.udomittendrin.de\/udomittendrin\/wordpress\/wp-json\/wp\/v2\/tags?post=936"}],"curies":[{"name":"wp","href":"https:\/\/api.w.org\/{rel}","templated":true}]}}