{"id":887,"date":"2022-12-07T20:07:42","date_gmt":"2022-12-07T19:07:42","guid":{"rendered":"https:\/\/www.udomittendrin.de\/udomittendrin\/wordpress\/?p=887"},"modified":"2022-12-27T19:44:10","modified_gmt":"2022-12-27T18:44:10","slug":"zusammen-stirbt-man-weniger-allein","status":"publish","type":"post","link":"https:\/\/www.udomittendrin.de\/udomittendrin\/wordpress\/2022\/12\/07\/zusammen-stirbt-man-weniger-allein\/","title":{"rendered":"Zusammen stirbt man weniger allein"},"content":{"rendered":"\n<p>Ein Kriminalroman von Dina El-Nawab und Markus Stromiedel<\/p>\n\n\n\n<h2 class=\"wp-block-heading\">Slapstick &amp; Dialoge <\/h2>\n\n\n\n<p>Das Cover h\u00e4tte mich stutzig machen sollen, der Klappentext jedoch machte mich neugierig. Am Ende bleibe ich zwiegespalten. Doch der Reihe nach.<\/p>\n\n\n\n<p>Anw\u00e4ltin Lizzi steht pl\u00f6tzlich einem &#8222;Einbrecher&#8220; in ihrem eigenen Badezimmer gegen\u00fcber. Erik, von Beruf Personensch\u00fctzer gibt vor, von ihrem Vater angeheuert worden zu sein &#8211; zu ihrem eigenen Schutz. Das ist in wenigen Worten oder S\u00e4tzen der Kern der Story, warum ihr Vater verschwunden ist, warum sie nun dadurch sch\u00fctzenswert wurde &#8211; wieso, weshalb man daf\u00fcr \u00fcber 400 Seiten ben\u00f6tigt, um es zu erz\u00e4hlen hat sich mir \u00fcber weite Strecken leider nicht immer erschlossen. Die Dialoge sind einerseits nett, aber nicht immer wirklich logisch erkl\u00e4rbar, die Reise, die Erik und Lizzi in der Folge (widerwillig) gemeinsam antreten, ein langer, epischer, aber leider (f\u00fcr mich) ein sehr z\u00e4h flie\u00dfender Erz\u00e4hlstrang. Nat\u00fcrlich taucht immer wieder die Frage auf &#8222;warum hat Vater mir das angetan&#8220; &#8230;, &#8222;was hat er vor mir geheim gehalten&#8220; &#8230; doch weder die Dialoge sind von jener Raffinesse, die man aus anderen (seltenen) B\u00fcchern kennt, geschweige denn h\u00e4tte ich mich dabei ertappt, so etwas wie Spannung nach dem &#8222;boh, wie gehts wohl weiter&#8220; empfunden zu haben. Nett erz\u00e4hlt, aber packend geht anders &#8211; zumal eben, und das ist in meinen Augen, das Manko in der Story: der rote Faden fehlt. Klar, Vater ist verschwunden, warum wei\u00df keiner, man sucht ihn und die Zeit dazwischen wird mit Gespr\u00e4chen aufgef\u00fcllt, die so etwas wie einen Widerstreit der Charaktere wieder spiegeln sollen, aber schon schnell wird allein hier schon klar, worauf es am Ende hinaus laufen wird. Auch werden beide Protagonisten freilich beschrieben, aber weder Erik noch Lizzi werden wirklich jemals &#8222;lebendig&#8220; geschweige denn authentisch. Dazwischen gibt es Stationen, wie die F\u00e4hre und dieses und jenes Dorf und eine Panne etc. pp &#8230; aber so richtig schl\u00fcssig ist es nicht. Man sp\u00fcrt f\u00f6rmlich wie sehr die Story <em>konstruiert<\/em> wurde.<\/p>\n\n\n\n<p>Ein Beispiel? Lizzi landet gemeinsam mit Erik in einem verlassenen Nest und versp\u00fcrt doch den Drang mit Frankfurt City telefonieren, oder zumindest die Handyinhalte abrufen zu wollen. Soweit so gut, das jedoch jemand, auf einen Kirchturm klettert und sich dann auch noch so slapstickhaft verh\u00e4lt, dass ihm im entscheidenden Moment (w\u00e4hrend sich eine Schar Neugieriger (wohlgemerkt in einem kleinen Nest)) versammelt hat, um genau in dem Moment mit zu erleben, wie das Handy \u00fcber die Br\u00fcstung auf irgendeinem Sims landet um dort, wie auch immer, dann doch wieder hervorgefischt zu werden. Unn\u00f6tig zu erw\u00e4hnen, dass genau dieser Vorfall kurz darauf viral geht und ausgerechnet die zwei Killer, die auf den Spuren von Erik und Lizzi sind, genau deshalb wieder auf deren F\u00e4hrte kommen.<\/p>\n\n\n\n<p>Am Ende des Buches dann, auf den letzten 50-100 Seiten wird der Versuch unternommen zu erkl\u00e4ren, warum der Vater abgetaucht, die ganze Aktion \u00fcberhaupt notwendig und somit alles halbwegs einen Sinn bekommen hat. <\/p>\n\n\n\n<h2 class=\"wp-block-heading\">Fazit<\/h2>\n\n\n\n<p>Ein dem Cover entsprechendes Roadmovie mit Slapstick Einlagen, vielen, vielen Dialogen, die nicht immer einen Schenkelklopfer wert sind, alles in allem: lesbar ja, aber mitrei\u00dfend nein.  Ein Krimi muss mehr k\u00f6nnen. -> **.<\/p>\n\n\n<div class=\"wp-block-image\">\n<figure class=\"aligncenter size-full\"><img loading=\"lazy\" decoding=\"async\" width=\"350\" height=\"524\" src=\"https:\/\/www.udomittendrin.de\/udomittendrin\/wordpress\/wp-content\/uploads\/2022\/12\/zusammenwenigerallein.jpeg\" alt=\"\" class=\"wp-image-890\" srcset=\"https:\/\/www.udomittendrin.de\/udomittendrin\/wordpress\/wp-content\/uploads\/2022\/12\/zusammenwenigerallein.jpeg 350w, https:\/\/www.udomittendrin.de\/udomittendrin\/wordpress\/wp-content\/uploads\/2022\/12\/zusammenwenigerallein-200x300.jpeg 200w\" sizes=\"auto, (max-width: 350px) 100vw, 350px\" \/><\/figure>\n<\/div>\n\n\n<p>*** (c) Udomittendrin. Nov 2022 ***<\/p>\n","protected":false},"excerpt":{"rendered":"<p>Ein Kriminalroman von Dina El-Nawab und Markus Stromiedel Slapstick &amp; Dialoge Das Cover h\u00e4tte mich stutzig machen sollen, der Klappentext jedoch machte mich neugierig. Am Ende bleibe ich zwiegespalten. Doch der Reihe nach. Anw\u00e4ltin Lizzi steht pl\u00f6tzlich einem &#8222;Einbrecher&#8220; in ihrem eigenen Badezimmer gegen\u00fcber. Erik, von Beruf Personensch\u00fctzer gibt vor, von ihrem Vater angeheuert worden [&hellip;]<\/p>\n","protected":false},"author":1,"featured_media":890,"comment_status":"open","ping_status":"open","sticky":false,"template":"","format":"standard","meta":{"_monsterinsights_skip_tracking":false,"_monsterinsights_sitenote_active":false,"_monsterinsights_sitenote_note":"","_monsterinsights_sitenote_category":0,"footnotes":""},"categories":[78],"tags":[87,169,129,141],"class_list":["post-887","post","type-post","status-publish","format-standard","has-post-thumbnail","hentry","category-books","tag-buecher","tag-goldmann-verlag","tag-kriminalroman","tag-roman"],"_links":{"self":[{"href":"https:\/\/www.udomittendrin.de\/udomittendrin\/wordpress\/wp-json\/wp\/v2\/posts\/887","targetHints":{"allow":["GET"]}}],"collection":[{"href":"https:\/\/www.udomittendrin.de\/udomittendrin\/wordpress\/wp-json\/wp\/v2\/posts"}],"about":[{"href":"https:\/\/www.udomittendrin.de\/udomittendrin\/wordpress\/wp-json\/wp\/v2\/types\/post"}],"author":[{"embeddable":true,"href":"https:\/\/www.udomittendrin.de\/udomittendrin\/wordpress\/wp-json\/wp\/v2\/users\/1"}],"replies":[{"embeddable":true,"href":"https:\/\/www.udomittendrin.de\/udomittendrin\/wordpress\/wp-json\/wp\/v2\/comments?post=887"}],"version-history":[{"count":2,"href":"https:\/\/www.udomittendrin.de\/udomittendrin\/wordpress\/wp-json\/wp\/v2\/posts\/887\/revisions"}],"predecessor-version":[{"id":891,"href":"https:\/\/www.udomittendrin.de\/udomittendrin\/wordpress\/wp-json\/wp\/v2\/posts\/887\/revisions\/891"}],"wp:featuredmedia":[{"embeddable":true,"href":"https:\/\/www.udomittendrin.de\/udomittendrin\/wordpress\/wp-json\/wp\/v2\/media\/890"}],"wp:attachment":[{"href":"https:\/\/www.udomittendrin.de\/udomittendrin\/wordpress\/wp-json\/wp\/v2\/media?parent=887"}],"wp:term":[{"taxonomy":"category","embeddable":true,"href":"https:\/\/www.udomittendrin.de\/udomittendrin\/wordpress\/wp-json\/wp\/v2\/categories?post=887"},{"taxonomy":"post_tag","embeddable":true,"href":"https:\/\/www.udomittendrin.de\/udomittendrin\/wordpress\/wp-json\/wp\/v2\/tags?post=887"}],"curies":[{"name":"wp","href":"https:\/\/api.w.org\/{rel}","templated":true}]}}