{"id":864,"date":"2022-10-11T21:11:05","date_gmt":"2022-10-11T19:11:05","guid":{"rendered":"https:\/\/www.udomittendrin.de\/udomittendrin\/wordpress\/?p=864"},"modified":"2022-10-11T21:11:05","modified_gmt":"2022-10-11T19:11:05","slug":"achtsam-morden-im-hier-und-jetzt-dusse","status":"publish","type":"post","link":"https:\/\/www.udomittendrin.de\/udomittendrin\/wordpress\/2022\/10\/11\/achtsam-morden-im-hier-und-jetzt-dusse\/","title":{"rendered":"Achtsam Morden Im Hier Und Jetzt &#8211; Dusse"},"content":{"rendered":"\n<p>Karsten Dusse mit einem weiteren Knaller aus seiner Reihe<\/p>\n\n\n\n<h2 class=\"wp-block-heading\">Achtsam umbringen<\/h2>\n\n\n\n<p>Karsten Dusse ist mittlerweile eine feste Gr\u00f6\u00dfe in meinem B\u00fccherregal. Die Achtsam Morden Serie ist ein Garantieschein f\u00fcr kurzweilige, \u00e4u\u00dferst humorige Unterhaltung. Einmal mehr kommt Bj\u00f6rn Diemel im Rahmen seiner Therapiesitzungen in Kalamit\u00e4ten und wird &#8211; ob er es will oder nicht &#8211; in neue (Mord)F\u00e4lle verwickelt. Wie immer mordet er sehr achtsam und verl\u00e4sst dabei niemals den Trampelpfad der Legitimation. Diemel und sein Therapeut Joschka Breitner f\u00fchren in diesem Hardcover Buch den Erz\u00e4hlstrang \u00fcber Tantra Seminare, Bhagwan und so manche Besonderheit aus den 8oer Jahren. Auch seine Gehilfen aus dem Mafia Milieu verstehen sich gut darauf, Diemel sehr effizient und achtsam zu unterst\u00fctzen. <\/p>\n\n\n\n<p>Das zwischen 1980 und dem Hier und Heute Verbindungen entstanden sind, l\u00e4sst sich zun\u00e4chst nicht erkennen, aber Dusse nimmt den Leser sehr unterhalt- und achtsam mit an die Hand. Die Kapitel wechseln, immer wieder ertappe ich mich laut lachend bei dem Gedanken &#8222;genau mein Humor&#8220; und w\u00e4hrend Bj\u00f6rn Diemel eine Leiche im Kindergartenkeller zwischenlagern muss, nimmt die Handlung richtig Fahrt auf. Drau\u00dfen liegen lassen kann man sie ja schlie\u00dflich auch nicht.<\/p>\n\n\n\n<p>Zu Beginn des dritteln Drittels im Buch (477 S.) zerfasert die Geschichte kurz ein wenig, verliert aber niemals den Bezug zur Story &#8211; die sich erst so langsam herauskristallisiert. Dran bleiben lohnt in jedem Fall, den so ganz langsam ergeben die zu Beginn der Story eingestreuten Begebenheiten einen tieferen Sinn und man beginnt zu ahnen, wer hinter all der Heimt\u00fccke gegen Joschka Breitner steckt und warum im Hier und Jetzt Dinge geschehen, die 1980 ihren Ursprung haben.<\/p>\n\n\n\n<h2 class=\"wp-block-heading\">Fazit:<\/h2>\n\n\n\n<p>Ein Dusse, wie wir ihn kennen. Trockner Humor, dass es grad so staubt, pointiert aber niemals untergriffig, spannend aber nicht grausam, kurzweilig und niemals langweilig, in einer herrlich geschliffenen Sprache. Ein Diemel, der seinem Lebensmotto achtsam zu morden treu bleibt. Ein Therapeut, den der Leser erstmals ein wenig besser kennenlernt und last but not least ein kleiner Lebensratgeber, den man nicht allzu ernst nehmen sollte, aber dennoch gut beraten w\u00e4re, ihn sehr achtsam zu beherzigen. Sie werden Ihren Spa\u00df haben.<\/p>\n\n\n<div class=\"wp-block-image\">\n<figure class=\"aligncenter size-full\"><img loading=\"lazy\" decoding=\"async\" width=\"350\" height=\"555\" src=\"https:\/\/www.udomittendrin.de\/udomittendrin\/wordpress\/wp-content\/uploads\/2022\/10\/AchtsamMorden.jpeg\" alt=\"\" class=\"wp-image-860\" srcset=\"https:\/\/www.udomittendrin.de\/udomittendrin\/wordpress\/wp-content\/uploads\/2022\/10\/AchtsamMorden.jpeg 350w, https:\/\/www.udomittendrin.de\/udomittendrin\/wordpress\/wp-content\/uploads\/2022\/10\/AchtsamMorden-189x300.jpeg 189w\" sizes=\"auto, (max-width: 350px) 100vw, 350px\" \/><figcaption>Achtsam morden im Hier und Jetzt von Karsten Dusse<\/figcaption><\/figure>\n<\/div>\n\n\n<p>*** (c) udomittendrin, Okt 22 ***<\/p>\n","protected":false},"excerpt":{"rendered":"<p>Karsten Dusse mit einem weiteren Knaller aus seiner Reihe Achtsam umbringen Karsten Dusse ist mittlerweile eine feste Gr\u00f6\u00dfe in meinem B\u00fccherregal. Die Achtsam Morden Serie ist ein Garantieschein f\u00fcr kurzweilige, \u00e4u\u00dferst humorige Unterhaltung. Einmal mehr kommt Bj\u00f6rn Diemel im Rahmen seiner Therapiesitzungen in Kalamit\u00e4ten und wird &#8211; ob er es will oder nicht &#8211; in [&hellip;]<\/p>\n","protected":false},"author":1,"featured_media":860,"comment_status":"open","ping_status":"open","sticky":false,"template":"","format":"standard","meta":{"_monsterinsights_skip_tracking":false,"_monsterinsights_sitenote_active":false,"_monsterinsights_sitenote_note":"","_monsterinsights_sitenote_category":0,"footnotes":""},"categories":[78],"tags":[230,145,87,228,107,139,231,128,141],"class_list":["post-864","post","type-post","status-publish","format-standard","has-post-thumbnail","hentry","category-books","tag-bestseller","tag-buch","tag-buecher","tag-heyn","tag-heyne","tag-humor","tag-karsten-dusse","tag-krimi","tag-roman"],"_links":{"self":[{"href":"https:\/\/www.udomittendrin.de\/udomittendrin\/wordpress\/wp-json\/wp\/v2\/posts\/864","targetHints":{"allow":["GET"]}}],"collection":[{"href":"https:\/\/www.udomittendrin.de\/udomittendrin\/wordpress\/wp-json\/wp\/v2\/posts"}],"about":[{"href":"https:\/\/www.udomittendrin.de\/udomittendrin\/wordpress\/wp-json\/wp\/v2\/types\/post"}],"author":[{"embeddable":true,"href":"https:\/\/www.udomittendrin.de\/udomittendrin\/wordpress\/wp-json\/wp\/v2\/users\/1"}],"replies":[{"embeddable":true,"href":"https:\/\/www.udomittendrin.de\/udomittendrin\/wordpress\/wp-json\/wp\/v2\/comments?post=864"}],"version-history":[{"count":1,"href":"https:\/\/www.udomittendrin.de\/udomittendrin\/wordpress\/wp-json\/wp\/v2\/posts\/864\/revisions"}],"predecessor-version":[{"id":865,"href":"https:\/\/www.udomittendrin.de\/udomittendrin\/wordpress\/wp-json\/wp\/v2\/posts\/864\/revisions\/865"}],"wp:featuredmedia":[{"embeddable":true,"href":"https:\/\/www.udomittendrin.de\/udomittendrin\/wordpress\/wp-json\/wp\/v2\/media\/860"}],"wp:attachment":[{"href":"https:\/\/www.udomittendrin.de\/udomittendrin\/wordpress\/wp-json\/wp\/v2\/media?parent=864"}],"wp:term":[{"taxonomy":"category","embeddable":true,"href":"https:\/\/www.udomittendrin.de\/udomittendrin\/wordpress\/wp-json\/wp\/v2\/categories?post=864"},{"taxonomy":"post_tag","embeddable":true,"href":"https:\/\/www.udomittendrin.de\/udomittendrin\/wordpress\/wp-json\/wp\/v2\/tags?post=864"}],"curies":[{"name":"wp","href":"https:\/\/api.w.org\/{rel}","templated":true}]}}