{"id":861,"date":"2022-10-10T20:49:07","date_gmt":"2022-10-10T18:49:07","guid":{"rendered":"https:\/\/www.udomittendrin.de\/udomittendrin\/wordpress\/?p=861"},"modified":"2022-10-10T20:49:19","modified_gmt":"2022-10-10T18:49:19","slug":"richter-morden-besser-t-schleif","status":"publish","type":"post","link":"https:\/\/www.udomittendrin.de\/udomittendrin\/wordpress\/2022\/10\/10\/richter-morden-besser-t-schleif\/","title":{"rendered":"Richter morden besser &#8211; T.Schleif"},"content":{"rendered":"\n<h2 class=\"wp-block-heading\">Der perfekte Mord?<\/h2>\n\n\n\n<p>Angek\u00fcndigt wird das Buch vielversprechend: &#8222;Als junger Jurastudent tr\u00e4umte Siggi Buckmann davon, die Welt ein St\u00fcck gerechter zu machen. Als alter Hase im Richteramt schiebt er nur noch Dienst nach Vorschrift. In den Justizbeh\u00f6rden regiert die B\u00fcrokratie und s\u00e4mtliche Urteile, die Siggi f\u00e4llt, werden in Berufungsverfahren wieder aufgehoben. Erst der Tod eines obdachlosen Junkies r\u00fcttelt Siggi wieder wach. Als niemand die Verantwortlichen zur Rechenschaft ziehen will, beginnt Siggi, die Dinge anders zu betrachten. Da er das System seit Jahrzehnten kennt, wei\u00df er, wie man dessen Schwachstellen nutzen kann. Vielleicht kommt ja auch er selbst mit einem Verbrechen davon?&#8220;<\/p>\n\n\n\n<p>Guter kurzweiliger Stoff. In der Tat, Schleif gelingt es die Charaktere lebendig werden zu lassen. Auch wenn er immer wieder mal (etwas verwirrend) neue Namen einstreut, so bleiben die (Haupt)Protagonisten doch stet pr\u00e4sent. Siggi Buckmann ist die Hauptfigur. Seine Weggef\u00e4hrten und Widersacher im Amt oder auf h\u00f6herer politischer Ebene beschreibt er trefflich und gut. Die Verbindung bzw. den langsamen Aufbau des Spannungsbogens bekommt er prima hin, nicht ganz so l\u00e4ssig wie sein &#8222;Vorbild&#8220; Karsten Dusse (die Achtsam Morden Reihe) &#8230; aber die \u00c4hnlichkeit des &#8222;Storytelling&#8220; ist unverkennbar &#8211; aber eine Dusse Kopie w\u00e4re ja auch nur eine Kopie, insofern bin ich dankbar, dass Schleif sich seinen eigenen Stil bewahrt und nicht &#8222;blank abkupfert&#8220;.<\/p>\n\n\n\n<p>Humor, Spannung und eine plausible Herleitung &#8211; gegen Ende vielleicht etwas schnell willk\u00fcrlich und erfolgreich, aber unter dem Aspekt eines Romans allemal sehr sch\u00f6n und kurzweilig lesbar. Die perfekte Urlaubslekt\u00fcre und vielleicht auch Vorlage f\u00fcr die eigene Mordsplanung :-).<\/p>\n\n\n\n<h2 class=\"wp-block-heading\">Fazit: <\/h2>\n\n\n\n<p>gut lesbar, ein tolles Roman Deb\u00fct von Thorsten Schleif und die ideale lockere Lekt\u00fcre f\u00fcr all jene, die gut unterhalten werden und es sich im Lesesessel gem\u00fctlich machen wollen. Daumen hoch f\u00fcr den Richter.<\/p>\n\n\n\n<figure class=\"wp-block-image size-large\"><img loading=\"lazy\" decoding=\"async\" width=\"646\" height=\"1024\" src=\"https:\/\/www.udomittendrin.de\/udomittendrin\/wordpress\/wp-content\/uploads\/2022\/10\/RichterMorden-646x1024.jpeg\" alt=\"\" class=\"wp-image-858\" srcset=\"https:\/\/www.udomittendrin.de\/udomittendrin\/wordpress\/wp-content\/uploads\/2022\/10\/RichterMorden-646x1024.jpeg 646w, https:\/\/www.udomittendrin.de\/udomittendrin\/wordpress\/wp-content\/uploads\/2022\/10\/RichterMorden-189x300.jpeg 189w, https:\/\/www.udomittendrin.de\/udomittendrin\/wordpress\/wp-content\/uploads\/2022\/10\/RichterMorden-768x1217.jpeg 768w, https:\/\/www.udomittendrin.de\/udomittendrin\/wordpress\/wp-content\/uploads\/2022\/10\/RichterMorden-969x1536.jpeg 969w, https:\/\/www.udomittendrin.de\/udomittendrin\/wordpress\/wp-content\/uploads\/2022\/10\/RichterMorden-508x805.jpeg 508w, https:\/\/www.udomittendrin.de\/udomittendrin\/wordpress\/wp-content\/uploads\/2022\/10\/RichterMorden.jpeg 1000w\" sizes=\"auto, (max-width: 646px) 100vw, 646px\" \/><\/figure>\n\n\n\n<p>*** (c) udomittendrin, Okt 22 ***<\/p>\n","protected":false},"excerpt":{"rendered":"<p>Der perfekte Mord? Angek\u00fcndigt wird das Buch vielversprechend: &#8222;Als junger Jurastudent tr\u00e4umte Siggi Buckmann davon, die Welt ein St\u00fcck gerechter zu machen. Als alter Hase im Richteramt schiebt er nur noch Dienst nach Vorschrift. In den Justizbeh\u00f6rden regiert die B\u00fcrokratie und s\u00e4mtliche Urteile, die Siggi f\u00e4llt, werden in Berufungsverfahren wieder aufgehoben. Erst der Tod eines [&hellip;]<\/p>\n","protected":false},"author":1,"featured_media":858,"comment_status":"open","ping_status":"open","sticky":false,"template":"","format":"standard","meta":{"_monsterinsights_skip_tracking":false,"_monsterinsights_sitenote_active":false,"_monsterinsights_sitenote_note":"","_monsterinsights_sitenote_category":0,"footnotes":""},"categories":[78],"tags":[227,87,107,201,128,141,130,229],"class_list":["post-861","post","type-post","status-publish","format-standard","has-post-thumbnail","hentry","category-books","tag-books","tag-buecher","tag-heyne","tag-heyne-verlag","tag-krimi","tag-roman","tag-spannung","tag-thorsten-schleif"],"_links":{"self":[{"href":"https:\/\/www.udomittendrin.de\/udomittendrin\/wordpress\/wp-json\/wp\/v2\/posts\/861","targetHints":{"allow":["GET"]}}],"collection":[{"href":"https:\/\/www.udomittendrin.de\/udomittendrin\/wordpress\/wp-json\/wp\/v2\/posts"}],"about":[{"href":"https:\/\/www.udomittendrin.de\/udomittendrin\/wordpress\/wp-json\/wp\/v2\/types\/post"}],"author":[{"embeddable":true,"href":"https:\/\/www.udomittendrin.de\/udomittendrin\/wordpress\/wp-json\/wp\/v2\/users\/1"}],"replies":[{"embeddable":true,"href":"https:\/\/www.udomittendrin.de\/udomittendrin\/wordpress\/wp-json\/wp\/v2\/comments?post=861"}],"version-history":[{"count":2,"href":"https:\/\/www.udomittendrin.de\/udomittendrin\/wordpress\/wp-json\/wp\/v2\/posts\/861\/revisions"}],"predecessor-version":[{"id":863,"href":"https:\/\/www.udomittendrin.de\/udomittendrin\/wordpress\/wp-json\/wp\/v2\/posts\/861\/revisions\/863"}],"wp:featuredmedia":[{"embeddable":true,"href":"https:\/\/www.udomittendrin.de\/udomittendrin\/wordpress\/wp-json\/wp\/v2\/media\/858"}],"wp:attachment":[{"href":"https:\/\/www.udomittendrin.de\/udomittendrin\/wordpress\/wp-json\/wp\/v2\/media?parent=861"}],"wp:term":[{"taxonomy":"category","embeddable":true,"href":"https:\/\/www.udomittendrin.de\/udomittendrin\/wordpress\/wp-json\/wp\/v2\/categories?post=861"},{"taxonomy":"post_tag","embeddable":true,"href":"https:\/\/www.udomittendrin.de\/udomittendrin\/wordpress\/wp-json\/wp\/v2\/tags?post=861"}],"curies":[{"name":"wp","href":"https:\/\/api.w.org\/{rel}","templated":true}]}}