{"id":855,"date":"2022-09-19T18:54:09","date_gmt":"2022-09-19T16:54:09","guid":{"rendered":"https:\/\/www.udomittendrin.de\/udomittendrin\/wordpress\/?p=855"},"modified":"2022-09-19T18:54:09","modified_gmt":"2022-09-19T16:54:09","slug":"der-letzte-weg-eve-smith","status":"publish","type":"post","link":"https:\/\/www.udomittendrin.de\/udomittendrin\/wordpress\/2022\/09\/19\/der-letzte-weg-eve-smith\/","title":{"rendered":"Der letzte Weg &#8211; Eve Smith"},"content":{"rendered":"\n<p>Der Klappentext machte mich neugierig. Das allgegenw\u00e4rtige und durchaus spaltende Thema Covid in der Realit\u00e4t im Hier und Jetzt &#8230; dem gegen\u00fcber ein fiktiver Roman, der im Gesundheitswesen spielt und  gedanklich vorgreift.  Harter Stoff, aber Lesen ist immer was feines. So machte ich mich &#8222;ans Werk&#8220;.<\/p>\n\n\n\n<p>&#8222;Die gro\u00dfe Krise&#8220; ist zeitlich das Zentrum der Handlung. Mutationen und resistente Keime sorgen daf\u00fcr, dass es eine Medikamtenknappheit gibt und Regierung hat ein GEsetz erlassen, dass Menschen ab siebzig keine Antibiotika mehr erhalten. Das Buch startet glaubhaft und authentisch, beschreibt die Situation auf einer Station, w\u00e4hrend Angeh\u00f6rige versuchen &#8222;Ausnahmen&#8220; zu erhalten und die Stimmung nat\u00fcrlich sp\u00fcrbar angespannt ist.<\/p>\n\n\n\n<p>Im weiteren Verlauf rund um die Hauptfigur Kate zerfasert es dann jedoch etwas. Namen tauchen auf, gro\u00dfe Zeitr\u00e4ume werde vor- und r\u00fcckw\u00e4rts eingef\u00fcgt, der Umstand, dass an sp\u00e4terer Stelle ein und die diesselbe Person zweierlei Namen hat, ist zwar plausibel erkl\u00e4rt, macht einem im Vorfeld (nicht wissend) das Leseverst\u00e4ndnis nicht leichter.<\/p>\n\n\n\n<p>Die Story regt zum Denken an, in diesen Zeiten und mit der gesellschaftlichen Erfahrung der letzten zwei Jahre allemal. Themen wie Sterbehilfe, Verantwortung, Einfluss des Staates, Armut, Krankheit und der Umgang damit auf der einen Seite und die Forschung auf der anderen.  Insofern sind die geschilderten Szenarios durchaus &#8222;wirklich&#8220; und somit auch erschreckend. Spannender Stoff.<\/p>\n\n\n\n<p>Ein Thriller ist es dennoch ebenso wenig wie ein Unterhaltungsroman &#8211; daf\u00fcr war es mir streckenweise zu  schwer, mitunter tr\u00fcb, langatmig, aber vor allem auch in der Chronologie zu zerkl\u00fcftet. <\/p>\n\n\n\n<h2 class=\"wp-block-heading\">Fazit: <\/h2>\n\n\n\n<p>Schwere Kost, drei Handlungsstr\u00e4nge, die nicht immer sanft ineinander \u00fcbergehen, Charaktere, die man in der Tiefe nicht kennenlernt. Auf der anderer Seite: ein zeitaktuelles Thema, welches aufgrund der Bev\u00f6lkerungsentwicklung noch an Brisanz zunehmen k\u00f6nnte. Ein Szenario, dass alles andere als Science Fiction, sondern real werden k\u00f6nnte und somit durchaus in die Kategorie &#8222;sollte man gelesen haben&#8220; kommt.<\/p>\n\n\n\n<p>Kurzum, ich bin etwas unentschieden: f\u00fcr mich kein Pageturner, aber allemal ein Buch \u00fcber das sich nachzudenken lohnt.<\/p>\n\n\n<div class=\"wp-block-image\">\n<figure class=\"aligncenter size-full\"><img loading=\"lazy\" decoding=\"async\" width=\"350\" height=\"530\" src=\"https:\/\/www.udomittendrin.de\/udomittendrin\/wordpress\/wp-content\/uploads\/2022\/09\/letzteWeg.jpeg\" alt=\"\" class=\"wp-image-854\" srcset=\"https:\/\/www.udomittendrin.de\/udomittendrin\/wordpress\/wp-content\/uploads\/2022\/09\/letzteWeg.jpeg 350w, https:\/\/www.udomittendrin.de\/udomittendrin\/wordpress\/wp-content\/uploads\/2022\/09\/letzteWeg-198x300.jpeg 198w\" sizes=\"auto, (max-width: 350px) 100vw, 350px\" \/><\/figure>\n<\/div>\n\n\n<p>*** (C) udomittendrin.de, Sept22 ***<\/p>\n","protected":false},"excerpt":{"rendered":"<p>Der Klappentext machte mich neugierig. Das allgegenw\u00e4rtige und durchaus spaltende Thema Covid in der Realit\u00e4t im Hier und Jetzt &#8230; dem gegen\u00fcber ein fiktiver Roman, der im Gesundheitswesen spielt und gedanklich vorgreift. Harter Stoff, aber Lesen ist immer was feines. So machte ich mich &#8222;ans Werk&#8220;. &#8222;Die gro\u00dfe Krise&#8220; ist zeitlich das Zentrum der Handlung. [&hellip;]<\/p>\n","protected":false},"author":1,"featured_media":854,"comment_status":"open","ping_status":"open","sticky":false,"template":"","format":"standard","meta":{"_monsterinsights_skip_tracking":false,"_monsterinsights_sitenote_active":false,"_monsterinsights_sitenote_note":"","_monsterinsights_sitenote_category":0,"footnotes":""},"categories":[78],"tags":[87,89,141,130],"class_list":["post-855","post","type-post","status-publish","format-standard","has-post-thumbnail","hentry","category-books","tag-buecher","tag-buchtipp","tag-roman","tag-spannung"],"_links":{"self":[{"href":"https:\/\/www.udomittendrin.de\/udomittendrin\/wordpress\/wp-json\/wp\/v2\/posts\/855","targetHints":{"allow":["GET"]}}],"collection":[{"href":"https:\/\/www.udomittendrin.de\/udomittendrin\/wordpress\/wp-json\/wp\/v2\/posts"}],"about":[{"href":"https:\/\/www.udomittendrin.de\/udomittendrin\/wordpress\/wp-json\/wp\/v2\/types\/post"}],"author":[{"embeddable":true,"href":"https:\/\/www.udomittendrin.de\/udomittendrin\/wordpress\/wp-json\/wp\/v2\/users\/1"}],"replies":[{"embeddable":true,"href":"https:\/\/www.udomittendrin.de\/udomittendrin\/wordpress\/wp-json\/wp\/v2\/comments?post=855"}],"version-history":[{"count":1,"href":"https:\/\/www.udomittendrin.de\/udomittendrin\/wordpress\/wp-json\/wp\/v2\/posts\/855\/revisions"}],"predecessor-version":[{"id":856,"href":"https:\/\/www.udomittendrin.de\/udomittendrin\/wordpress\/wp-json\/wp\/v2\/posts\/855\/revisions\/856"}],"wp:featuredmedia":[{"embeddable":true,"href":"https:\/\/www.udomittendrin.de\/udomittendrin\/wordpress\/wp-json\/wp\/v2\/media\/854"}],"wp:attachment":[{"href":"https:\/\/www.udomittendrin.de\/udomittendrin\/wordpress\/wp-json\/wp\/v2\/media?parent=855"}],"wp:term":[{"taxonomy":"category","embeddable":true,"href":"https:\/\/www.udomittendrin.de\/udomittendrin\/wordpress\/wp-json\/wp\/v2\/categories?post=855"},{"taxonomy":"post_tag","embeddable":true,"href":"https:\/\/www.udomittendrin.de\/udomittendrin\/wordpress\/wp-json\/wp\/v2\/tags?post=855"}],"curies":[{"name":"wp","href":"https:\/\/api.w.org\/{rel}","templated":true}]}}