{"id":844,"date":"2022-09-18T09:58:00","date_gmt":"2022-09-18T07:58:00","guid":{"rendered":"https:\/\/www.udomittendrin.de\/udomittendrin\/wordpress\/?p=844"},"modified":"2022-09-18T09:58:00","modified_gmt":"2022-09-18T07:58:00","slug":"uriah-heep-status-quo","status":"publish","type":"post","link":"https:\/\/www.udomittendrin.de\/udomittendrin\/wordpress\/2022\/09\/18\/uriah-heep-status-quo\/","title":{"rendered":"Uriah Heep &#038; Status Quo"},"content":{"rendered":"\n<p><strong>STATUS QUO \u2013 <\/strong>The Last Night Of The Electrics<\/p>\n\n\n\n<p><strong>Gro\u00dfes Finale am 30.11. in der M\u00fcnchner Olympiahalle<\/strong><\/p>\n\n\n\n<p><strong>Francis Rossi &amp; Rick Parfitt h\u00e4ngen ihre Telecaster-Gitarren an den Nagel<\/strong><\/p>\n\n\n\n<p>Ein Spur Wehmut war schon dabei. Status Quo \u2013 welch klangvoller Name. Wer erinnert sich nicht an die ersten Hits, zelebrierte jahrelang (manch einer jahrzehntelang) den gepflegten 3er Gitarren-Riff-mit Headbanging. Der erste Chartbreacker 1967, mein erstes Status Quo Konzert war 1978. 38 Jahre sp\u00e4ter sollte Francis Rossi (67) ein letztes Mal auf der B\u00fchne der Olympia Halle stehen. Leider nicht mit von der Partie sein langj\u00e4hriger Band Kollege und Status Quo Urgestein Rick Parfitt (68), der nach einem Herzinfarkt in diesem Jahr gezwungen war, die Tour abzusagen. Beide, Rossi &amp; Parfitt, pr\u00e4gten jahrzehntelang den unnachahmlichen Status Quo Stil. Und damit die traurige Nachricht: nach dieser finalen Europa-Tournee wird es keine weiteren Electric-Tours dieser legend\u00e4ren Band mehr geben. Am 30.11. fiel in der M\u00fcnchner Olympiahalle der allerletzte Vorhang: die Show war die letzte Show der Band auf deutschem Boden. Wehmut.<\/p>\n\n\n\n<p>Keine geringeren als die Hardrock-Legenden URIAH HEEP, allen voran Gr\u00fcndungsmitglied Mick Box (69), begleiteten Status Quo auf ihrer Abschiedstournee.<\/p>\n\n\n\n<figure class=\"wp-block-image size-large\"><img loading=\"lazy\" decoding=\"async\" width=\"1024\" height=\"682\" src=\"https:\/\/www.udomittendrin.de\/udomittendrin\/wordpress\/wp-content\/uploads\/2022\/09\/status_by_cUdokah-9168-1024x682.jpg\" alt=\"\" class=\"wp-image-852\" srcset=\"https:\/\/www.udomittendrin.de\/udomittendrin\/wordpress\/wp-content\/uploads\/2022\/09\/status_by_cUdokah-9168-1024x682.jpg 1024w, https:\/\/www.udomittendrin.de\/udomittendrin\/wordpress\/wp-content\/uploads\/2022\/09\/status_by_cUdokah-9168-300x200.jpg 300w, https:\/\/www.udomittendrin.de\/udomittendrin\/wordpress\/wp-content\/uploads\/2022\/09\/status_by_cUdokah-9168-768x512.jpg 768w, https:\/\/www.udomittendrin.de\/udomittendrin\/wordpress\/wp-content\/uploads\/2022\/09\/status_by_cUdokah-9168-1240x826.jpg 1240w, https:\/\/www.udomittendrin.de\/udomittendrin\/wordpress\/wp-content\/uploads\/2022\/09\/status_by_cUdokah-9168-508x339.jpg 508w, https:\/\/www.udomittendrin.de\/udomittendrin\/wordpress\/wp-content\/uploads\/2022\/09\/status_by_cUdokah-9168.jpg 1280w\" sizes=\"auto, (max-width: 1024px) 100vw, 1024px\" \/><\/figure>\n\n\n\n<p>Francis Rossi sagt dazu: \u201eWir haben schon eine Weile dar\u00fcber diskutiert und haben entschieden, dass f\u00fcr uns die Zeit gekommen ist, die elektrischen Gitarren \u201aan den Nagel\u2019 zu h\u00e4ngen. Es wird immer h\u00e4rter f\u00fcr uns diese Shows zu spielen. Es ist jetzt 30 Jahre her, dass wir letztmalig unseren Abschied angek\u00fcndigt haben, aber dies ist jetzt eine endg\u00fcltige Entscheidung. Das hei\u00dft nicht, dass wir nicht andere verr\u00fcckte Dinge tun werden. Auch zuk\u00fcnftig kann man mit uns rechnen, aber wir gehen nie wieder mit unseren Telecasters auf Tournee.\u201c<\/p>\n\n\n\n<p>Spricht es und f\u00fcgt hinzu: \u201eDies ist also das Ende unseres Lebens \u201aon the road\u2019 mit unseren markanten Telecasters. Unser Leben wird nicht mehr dasselbe sein \u2013 oder das unserer Fans \u2013 aber wir k\u00f6nnen in dem Tempo nicht mehr weitermachen.\u201c<\/p>\n\n\n\n<p>Allein in Deutschland waren es nunmehr 15 Konzerte. Es war die allerletzte Chance der Fans, Status Quo Hits live zu h\u00f6ren. Doch zuvor heizte Uriah Heep ordentlich ein. Mick Box mit seiner Band tat gut daran die alten Nummern ins Programm zu nehmen. \u201eLook at Yourself\u201c, \u201eJuly Morning\u201c, das legend\u00e4re \u201eStealin\u201c oder das bekannte \u201eLady in Black\u201c: die Halle, knapp 7000 waren angereist, kam in Wallung. Sp\u00e4testens mit \u201eEasy livin\u00b4\u201c war es dann geschehen. Die Olympiahalle im Rock\u00b4n Roll Modus.<\/p>\n\n\n\n<figure class=\"wp-block-image size-large\"><img loading=\"lazy\" decoding=\"async\" width=\"1024\" height=\"682\" src=\"https:\/\/www.udomittendrin.de\/udomittendrin\/wordpress\/wp-content\/uploads\/2022\/09\/status_by_cUdokah-0982-1-1024x682.jpg\" alt=\"\" class=\"wp-image-851\" srcset=\"https:\/\/www.udomittendrin.de\/udomittendrin\/wordpress\/wp-content\/uploads\/2022\/09\/status_by_cUdokah-0982-1-1024x682.jpg 1024w, https:\/\/www.udomittendrin.de\/udomittendrin\/wordpress\/wp-content\/uploads\/2022\/09\/status_by_cUdokah-0982-1-300x200.jpg 300w, https:\/\/www.udomittendrin.de\/udomittendrin\/wordpress\/wp-content\/uploads\/2022\/09\/status_by_cUdokah-0982-1-768x512.jpg 768w, https:\/\/www.udomittendrin.de\/udomittendrin\/wordpress\/wp-content\/uploads\/2022\/09\/status_by_cUdokah-0982-1-1240x826.jpg 1240w, https:\/\/www.udomittendrin.de\/udomittendrin\/wordpress\/wp-content\/uploads\/2022\/09\/status_by_cUdokah-0982-1-508x339.jpg 508w, https:\/\/www.udomittendrin.de\/udomittendrin\/wordpress\/wp-content\/uploads\/2022\/09\/status_by_cUdokah-0982-1.jpg 1280w\" sizes=\"auto, (max-width: 1024px) 100vw, 1024px\" \/><\/figure>\n\n\n\n<p>Nach kurzer Umbauphase dann der gro\u00dfe finale Showdown. Status Quo, allen voran Franci Rossi er\u00f6ffnete fulminant und in gewohnter Status Manier den Countdown zur \u201elast night of the electrics\u201c mit einem der bekanntesten Hits: \u201eCarolin\u201c. Die Halle war sofort auf Temperatur. Im gleichen Tempo ging es weiter: \u201eWanderer\u201c und sp\u00e4ter das wunderbare \u201eGerundula\u201c. Die B\u00fchne war der Parcours, auf dem Rossi und seine Freunde sicher wandelten. Satter Sound, eine coole Lightshow, kein Schnick Schnack, sondern astreiner Rock\u00b4n Roll vom Feinsten. Die Halle bebte. Drummer Leon Cave wusste dem Beben noch eins draufzusetzen: ein Solo von der Sorte \u201edas vergisst Du nicht\u201c und die sp\u00e4teren Hits vom Schlage \u201eRoll over\u201c und das sp\u00e4tere \u201ePosin\u201c machte das Konzert zu dem was es sein sollte: einmalig, endg\u00fcltig, rockig. Zwei Stunden hielten sie durch, die Jungs, zwei Stunden Abschied nehmen. Die Musikwelt wird nicht mehr dieselbe sein, wenn sich der aufgewirbelte Staub nach dieser \u201cThe Last Night Of The Electrics\u201d Tour gelegt hat. Da darf man ruhig ein wenig wehm\u00fctig werden.&nbsp;<\/p>\n\n\n\n<p>*** \u00a9 Udo Kewitsch, einst, Zeichen: 3584, Zeilen: 51 ***<\/p>\n","protected":false},"excerpt":{"rendered":"<p>STATUS QUO \u2013 The Last Night Of The Electrics Gro\u00dfes Finale am 30.11. in der M\u00fcnchner Olympiahalle Francis Rossi &amp; Rick Parfitt h\u00e4ngen ihre Telecaster-Gitarren an den Nagel Ein Spur Wehmut war schon dabei. Status Quo \u2013 welch klangvoller Name. Wer erinnert sich nicht an die ersten Hits, zelebrierte jahrelang (manch einer jahrzehntelang) den gepflegten [&hellip;]<\/p>\n","protected":false},"author":1,"featured_media":851,"comment_status":"open","ping_status":"open","sticky":false,"template":"","format":"standard","meta":{"_monsterinsights_skip_tracking":false,"_monsterinsights_sitenote_active":false,"_monsterinsights_sitenote_note":"","_monsterinsights_sitenote_category":0,"footnotes":""},"categories":[3],"tags":[],"class_list":["post-844","post","type-post","status-publish","format-standard","has-post-thumbnail","hentry","category-concerte"],"_links":{"self":[{"href":"https:\/\/www.udomittendrin.de\/udomittendrin\/wordpress\/wp-json\/wp\/v2\/posts\/844","targetHints":{"allow":["GET"]}}],"collection":[{"href":"https:\/\/www.udomittendrin.de\/udomittendrin\/wordpress\/wp-json\/wp\/v2\/posts"}],"about":[{"href":"https:\/\/www.udomittendrin.de\/udomittendrin\/wordpress\/wp-json\/wp\/v2\/types\/post"}],"author":[{"embeddable":true,"href":"https:\/\/www.udomittendrin.de\/udomittendrin\/wordpress\/wp-json\/wp\/v2\/users\/1"}],"replies":[{"embeddable":true,"href":"https:\/\/www.udomittendrin.de\/udomittendrin\/wordpress\/wp-json\/wp\/v2\/comments?post=844"}],"version-history":[{"count":2,"href":"https:\/\/www.udomittendrin.de\/udomittendrin\/wordpress\/wp-json\/wp\/v2\/posts\/844\/revisions"}],"predecessor-version":[{"id":853,"href":"https:\/\/www.udomittendrin.de\/udomittendrin\/wordpress\/wp-json\/wp\/v2\/posts\/844\/revisions\/853"}],"wp:featuredmedia":[{"embeddable":true,"href":"https:\/\/www.udomittendrin.de\/udomittendrin\/wordpress\/wp-json\/wp\/v2\/media\/851"}],"wp:attachment":[{"href":"https:\/\/www.udomittendrin.de\/udomittendrin\/wordpress\/wp-json\/wp\/v2\/media?parent=844"}],"wp:term":[{"taxonomy":"category","embeddable":true,"href":"https:\/\/www.udomittendrin.de\/udomittendrin\/wordpress\/wp-json\/wp\/v2\/categories?post=844"},{"taxonomy":"post_tag","embeddable":true,"href":"https:\/\/www.udomittendrin.de\/udomittendrin\/wordpress\/wp-json\/wp\/v2\/tags?post=844"}],"curies":[{"name":"wp","href":"https:\/\/api.w.org\/{rel}","templated":true}]}}