{"id":801,"date":"2022-03-17T20:30:29","date_gmt":"2022-03-17T19:30:29","guid":{"rendered":"https:\/\/www.udomittendrin.de\/udomittendrin\/wordpress\/?p=801"},"modified":"2022-04-02T21:20:00","modified_gmt":"2022-04-02T19:20:00","slug":"labrassbanda-welttournee","status":"publish","type":"post","link":"https:\/\/www.udomittendrin.de\/udomittendrin\/wordpress\/2022\/03\/17\/labrassbanda-welttournee\/","title":{"rendered":"LaBrassBanda Welttournee"},"content":{"rendered":"\n<p><strong>LaBrassBanda geht auf gro\u00dfe Welttournee<\/strong><\/p>\n\n\n\n<p><strong>Stimmiges \u201eAbschiedskonzert\u201c in Truchtlaching vor ausverkauftem Haus<\/strong><\/p>\n\n\n\n<p>Zehn Jahre und kein bisschen m\u00fcde. Zum Jubil\u00e4um \u00fcberrascht LaBrassBanda mit dem neuen Album \u201eAround The World\u201c (V\u00d6: 24. Feb 2017). Am 4. M\u00e4rz 2017 wird die weltweit gefeierte Band ihre Fans bei der Release-Show in der M\u00fcnchner Olympiahalle zum Durchdrehen bringen. Doch Heimspiel ist Heimspiel. Die Freunde in der Heimat werden zuallerst und exklusiv versorgt. In der Brauerei Camba in Truchtlaching wurde kurzerhand ein Konzert organisiert. 100 Tickets waren innerhalb von 2 Stunden ausverkauft. Die Chiemgauer gaben ein Auftakt Konzert, bevor es nun auf gro\u00dfe Welttournee mit \u00fcber 70 Konzerten rund um den Globus geht. Sonntag Truchtlaching, Dienstag ausverkauftes Haus in Vietnam. A Wahnsinn.<\/p>\n\n\n\n<figure class=\"wp-block-image size-full\"><img loading=\"lazy\" decoding=\"async\" width=\"1024\" height=\"683\" src=\"https:\/\/www.udomittendrin.de\/udomittendrin\/wordpress\/wp-content\/uploads\/2022\/03\/LaBrassBanda_by_cUdokah-1170.jpg\" alt=\"\" class=\"wp-image-806\" srcset=\"https:\/\/www.udomittendrin.de\/udomittendrin\/wordpress\/wp-content\/uploads\/2022\/03\/LaBrassBanda_by_cUdokah-1170.jpg 1024w, https:\/\/www.udomittendrin.de\/udomittendrin\/wordpress\/wp-content\/uploads\/2022\/03\/LaBrassBanda_by_cUdokah-1170-300x200.jpg 300w, https:\/\/www.udomittendrin.de\/udomittendrin\/wordpress\/wp-content\/uploads\/2022\/03\/LaBrassBanda_by_cUdokah-1170-768x512.jpg 768w, https:\/\/www.udomittendrin.de\/udomittendrin\/wordpress\/wp-content\/uploads\/2022\/03\/LaBrassBanda_by_cUdokah-1170-508x339.jpg 508w\" sizes=\"auto, (max-width: 1024px) 100vw, 1024px\" \/><figcaption>Start im heimischen Camba Br\u00e4u<\/figcaption><\/figure>\n\n\n\n<p>2007 waren sie ein klassischer Geheimtipp. Ein paar Eingeweihte raunten sich im oberbayerischen Chiemgau den Namen LaBrassBanda zu. Und schw\u00e4rmten von dieser Band, die bayerische Volksmusik mit Ska-Punk, Techno, Reggae und Brass mixen w\u00fcrde. Die Konzerte w\u00e4ren Energie pur. Wer dabei war, erz\u00e4hlte mit leuchtenden Augen von schwei\u00dftreibenden N\u00e4chten. Und von diesen Typen, die alle barfu\u00df auf der B\u00fchne standen. Schr\u00e4ge Bajuwaren.&nbsp;<\/p>\n\n\n\n<p>In zehn Jahren LaBrassBanda ist viel passiert, eine Tour mit alten NSU-Mopeds und einem Traktor durch \u00d6sterreich w\u00e4hrend der Fu\u00dfball-EM 2008, die mit einer Einladung auf die Hauptb\u00fchne zum Finale in Wien endete. Konzerte in Russland, Simbabwe und England genauso wie im legend\u00e4ren \u201eWhisky A GoGo\u201c in Los Angeles. Auftritte auf allen wichtigen Festivals, von Southside \u00fcber Chiemsee Summer bis zum Sziget. Ein Highlight (unter vielen): Das legend\u00e4re Roskilde-Festival 2009.\u00a0<\/p>\n\n\n\n<figure class=\"wp-block-image size-full\"><img loading=\"lazy\" decoding=\"async\" width=\"1024\" height=\"683\" src=\"https:\/\/www.udomittendrin.de\/udomittendrin\/wordpress\/wp-content\/uploads\/2022\/03\/LaBrassBanda_by_cUdokah-1215.jpg\" alt=\"\" class=\"wp-image-807\" srcset=\"https:\/\/www.udomittendrin.de\/udomittendrin\/wordpress\/wp-content\/uploads\/2022\/03\/LaBrassBanda_by_cUdokah-1215.jpg 1024w, https:\/\/www.udomittendrin.de\/udomittendrin\/wordpress\/wp-content\/uploads\/2022\/03\/LaBrassBanda_by_cUdokah-1215-300x200.jpg 300w, https:\/\/www.udomittendrin.de\/udomittendrin\/wordpress\/wp-content\/uploads\/2022\/03\/LaBrassBanda_by_cUdokah-1215-768x512.jpg 768w, https:\/\/www.udomittendrin.de\/udomittendrin\/wordpress\/wp-content\/uploads\/2022\/03\/LaBrassBanda_by_cUdokah-1215-508x339.jpg 508w\" sizes=\"auto, (max-width: 1024px) 100vw, 1024px\" \/><\/figure>\n\n\n\n<p>Zwischendurch geben LaBrassBanda immer wieder das eine oder andere Bierzelt-Konzert. Dazu kommt 2013 ein zweiter (und gef\u00fchlter erster) Platz bei der Vorentscheidung zum Eurovision Song Contest. Plus drei Studio-Alben (\u201eHabedieehre\u201c, \u201e\u00dcbersee\u201c, \u201eEuropa\u201c), eine normale Live-CD (\u201eLive Olympiahalle M\u00fcnchen\u201c), eine nicht ganz so normale Live-CD, die man im Kuhstall aufgenommen hat (\u201eKiah Royal\u201c) und eine Dub-CD (\u201eEuropa in Dub\u201c).\u00a0<\/p>\n\n\n\n<figure class=\"wp-block-image size-full\"><img loading=\"lazy\" decoding=\"async\" width=\"1024\" height=\"683\" src=\"https:\/\/www.udomittendrin.de\/udomittendrin\/wordpress\/wp-content\/uploads\/2022\/03\/LaBrassBandaer_by_cUdokah-1200.jpg\" alt=\"\" class=\"wp-image-809\" srcset=\"https:\/\/www.udomittendrin.de\/udomittendrin\/wordpress\/wp-content\/uploads\/2022\/03\/LaBrassBandaer_by_cUdokah-1200.jpg 1024w, https:\/\/www.udomittendrin.de\/udomittendrin\/wordpress\/wp-content\/uploads\/2022\/03\/LaBrassBandaer_by_cUdokah-1200-300x200.jpg 300w, https:\/\/www.udomittendrin.de\/udomittendrin\/wordpress\/wp-content\/uploads\/2022\/03\/LaBrassBandaer_by_cUdokah-1200-768x512.jpg 768w, https:\/\/www.udomittendrin.de\/udomittendrin\/wordpress\/wp-content\/uploads\/2022\/03\/LaBrassBandaer_by_cUdokah-1200-508x339.jpg 508w\" sizes=\"auto, (max-width: 1024px) 100vw, 1024px\" \/><figcaption>Camba &#8211; weils schmeckt !<\/figcaption><\/figure>\n\n\n\n<p>So vermochte es wenig zu verwundern, dass die Stimmung im Camba frenetisch und ausgelassen war. Steffen Dettl probte schon mal sein Mundart Englisch und moderierte einzelne Songs launig an, die Band, ganz easy zwischen zwei Biertischen drapiert, gab m\u00e4chtig Druck und der LaBrassBanda Sound sorgte f\u00fcr Endorphine. Es geht rund bei LaBrass Band, rund um die Welt und auch rund im Sinne von \u201eda biegen sich die Bierzeltb\u00e4nke\u201c. Wir d\u00fcrfen gespannt, wie es den Jungs ergeht, was es zu berichten gibt (Online wird alle 2-3Tage der jeweilige Status ins Netz gestellt und wie sich die Konzerte vor 100 Fans im Camba und vor 10.000 Fans in der M\u00fcnchner Olympiahalle am 04.03.2017 unterscheiden. Wir werden dabei sein.<\/p>\n\n\n\n<figure class=\"wp-block-image size-full\"><img loading=\"lazy\" decoding=\"async\" width=\"1024\" height=\"768\" src=\"https:\/\/www.udomittendrin.de\/udomittendrin\/wordpress\/wp-content\/uploads\/2022\/03\/LaBrassBanda_by_cUdokah-4977.jpg\" alt=\"\" class=\"wp-image-808\" srcset=\"https:\/\/www.udomittendrin.de\/udomittendrin\/wordpress\/wp-content\/uploads\/2022\/03\/LaBrassBanda_by_cUdokah-4977.jpg 1024w, https:\/\/www.udomittendrin.de\/udomittendrin\/wordpress\/wp-content\/uploads\/2022\/03\/LaBrassBanda_by_cUdokah-4977-300x225.jpg 300w, https:\/\/www.udomittendrin.de\/udomittendrin\/wordpress\/wp-content\/uploads\/2022\/03\/LaBrassBanda_by_cUdokah-4977-768x576.jpg 768w, https:\/\/www.udomittendrin.de\/udomittendrin\/wordpress\/wp-content\/uploads\/2022\/03\/LaBrassBanda_by_cUdokah-4977-508x381.jpg 508w\" sizes=\"auto, (max-width: 1024px) 100vw, 1024px\" \/><figcaption>wir waren dabei \ud83d\ude42 &#8230; grande<\/figcaption><\/figure>\n\n\n\n<p>*** \u00a9 Udo Kewitsch, seinerzeit, pre Corinna, Zeichen: 2845, Zeilen: 42 ***<\/p>\n","protected":false},"excerpt":{"rendered":"<p>LaBrassBanda geht auf gro\u00dfe Welttournee Stimmiges \u201eAbschiedskonzert\u201c in Truchtlaching vor ausverkauftem Haus Zehn Jahre und kein bisschen m\u00fcde. Zum Jubil\u00e4um \u00fcberrascht LaBrassBanda mit dem neuen Album \u201eAround The World\u201c (V\u00d6: 24. Feb 2017). Am 4. M\u00e4rz 2017 wird die weltweit gefeierte Band ihre Fans bei der Release-Show in der M\u00fcnchner Olympiahalle zum Durchdrehen bringen. Doch [&hellip;]<\/p>\n","protected":false},"author":1,"featured_media":807,"comment_status":"open","ping_status":"open","sticky":false,"template":"","format":"standard","meta":{"_monsterinsights_skip_tracking":false,"_monsterinsights_sitenote_active":false,"_monsterinsights_sitenote_note":"","_monsterinsights_sitenote_category":0,"footnotes":""},"categories":[1,3],"tags":[206,209,91,210,90,207,208,205],"class_list":["post-801","post","type-post","status-publish","format-standard","has-post-thumbnail","hentry","category-allgemein","category-concerte","tag-auftakt-zur-welttournee","tag-blasmusik","tag-concert","tag-folklore","tag-konzert","tag-la-brass-banda","tag-uebersee","tag-welttour"],"_links":{"self":[{"href":"https:\/\/www.udomittendrin.de\/udomittendrin\/wordpress\/wp-json\/wp\/v2\/posts\/801","targetHints":{"allow":["GET"]}}],"collection":[{"href":"https:\/\/www.udomittendrin.de\/udomittendrin\/wordpress\/wp-json\/wp\/v2\/posts"}],"about":[{"href":"https:\/\/www.udomittendrin.de\/udomittendrin\/wordpress\/wp-json\/wp\/v2\/types\/post"}],"author":[{"embeddable":true,"href":"https:\/\/www.udomittendrin.de\/udomittendrin\/wordpress\/wp-json\/wp\/v2\/users\/1"}],"replies":[{"embeddable":true,"href":"https:\/\/www.udomittendrin.de\/udomittendrin\/wordpress\/wp-json\/wp\/v2\/comments?post=801"}],"version-history":[{"count":2,"href":"https:\/\/www.udomittendrin.de\/udomittendrin\/wordpress\/wp-json\/wp\/v2\/posts\/801\/revisions"}],"predecessor-version":[{"id":815,"href":"https:\/\/www.udomittendrin.de\/udomittendrin\/wordpress\/wp-json\/wp\/v2\/posts\/801\/revisions\/815"}],"wp:featuredmedia":[{"embeddable":true,"href":"https:\/\/www.udomittendrin.de\/udomittendrin\/wordpress\/wp-json\/wp\/v2\/media\/807"}],"wp:attachment":[{"href":"https:\/\/www.udomittendrin.de\/udomittendrin\/wordpress\/wp-json\/wp\/v2\/media?parent=801"}],"wp:term":[{"taxonomy":"category","embeddable":true,"href":"https:\/\/www.udomittendrin.de\/udomittendrin\/wordpress\/wp-json\/wp\/v2\/categories?post=801"},{"taxonomy":"post_tag","embeddable":true,"href":"https:\/\/www.udomittendrin.de\/udomittendrin\/wordpress\/wp-json\/wp\/v2\/tags?post=801"}],"curies":[{"name":"wp","href":"https:\/\/api.w.org\/{rel}","templated":true}]}}