{"id":784,"date":"2022-02-16T20:41:48","date_gmt":"2022-02-16T19:41:48","guid":{"rendered":"https:\/\/www.udomittendrin.de\/udomittendrin\/wordpress\/?p=784"},"modified":"2022-02-16T20:41:48","modified_gmt":"2022-02-16T19:41:48","slug":"schule-der-redner","status":"publish","type":"post","link":"https:\/\/www.udomittendrin.de\/udomittendrin\/wordpress\/2022\/02\/16\/schule-der-redner\/","title":{"rendered":"Schule der Redner"},"content":{"rendered":"\n<h2 class=\"wp-block-heading\" id=\"die-macht-der-sprache-johann-seeger\">Die Macht der Sprache &#8211; Johann Seeger<\/h2>\n\n\n\n<p>Wow. Was f\u00fcr ein Werk. Der Deutsche Johann Seeger, Rhetorik-Trainer und Buchautor hat sich an einen m\u00e4chtigen Stoff gewagt. In &#8222;Die Schule der Redner&#8220; schl\u00e4gt er auf knapp 800 Seiten einige Kapitel in Mitteleuropa in den Jahren 1150 bis 1250 auf. Wortgewaltig schl\u00e4gt er einen Spannungsbogen rund um die Protagonisten Leon und seine neuen Freunde. Er spart nicht mit Intrigen und der Leser h\u00e4lt einen spannenden, historischen Abenteuerroman in den H\u00e4nden.<\/p>\n\n\n\n<p>Der Auftakt ist vielversprechend. Kern der Handlung ist die Suche nach einem Manuskript, welches die Welt ver\u00e4ndern wird und einige machtbesessene M\u00e4nner wollen sich dieses Skript zu eigen machen. Man ist gefangen in der Handlung, folgt Leon auf seiner abenteuerlichen Reise, ist gespannt, wie seine Liebe zu Cecile sich fortentwickelt, ist sie doch dem Herrscher Rudolf versprochen. Auch Richard, der Bruder Leons, und seine Freunde Odo und Philipp begleiten den Handlungsstrang fortw\u00e4hrend.<\/p>\n\n\n\n<p>Die Erz\u00e4hlung orientiert sich immer wieder an dem sagenumwobenen Manuskript und die Suche aller Akteure danach. Wenngleich man gut beraten ist, aufmerksam dabei zu bleiben, so rei\u00dft der Spannungsfaden doch nie ab.<\/p>\n\n\n\n<p>Welche dunklen M\u00e4chte sich schlie\u00dflich durchsetzen oder ob das Papyrus in gute H\u00e4nde kommt, wird sich im Laufe der langen, lange Reise durch die Seiten und auch \u00fcber die Alpen bis nach Venedig schlie\u00dflich offenbaren &#8211; am Ende mit so manch unerwarteter Wendung.<\/p>\n\n\n\n<h2 class=\"wp-block-heading\" id=\"fazit\">Fazit:<\/h2>\n\n\n\n<p>ein spannender historischer Roman, lesenswert. Der ausdauernden Leser wird  zugleich noch in die Welt der Rhetorik eingef\u00fchrt. ****<\/p>\n\n\n\n<figure class=\"wp-block-image size-full\"><img loading=\"lazy\" decoding=\"async\" width=\"350\" height=\"530\" src=\"https:\/\/www.udomittendrin.de\/udomittendrin\/wordpress\/wp-content\/uploads\/2022\/02\/schulederredner.jpeg\" alt=\"\" class=\"wp-image-783\" srcset=\"https:\/\/www.udomittendrin.de\/udomittendrin\/wordpress\/wp-content\/uploads\/2022\/02\/schulederredner.jpeg 350w, https:\/\/www.udomittendrin.de\/udomittendrin\/wordpress\/wp-content\/uploads\/2022\/02\/schulederredner-198x300.jpeg 198w\" sizes=\"auto, (max-width: 350px) 100vw, 350px\" \/><\/figure>\n","protected":false},"excerpt":{"rendered":"<p>Die Macht der Sprache &#8211; Johann Seeger Wow. Was f\u00fcr ein Werk. Der Deutsche Johann Seeger, Rhetorik-Trainer und Buchautor hat sich an einen m\u00e4chtigen Stoff gewagt. In &#8222;Die Schule der Redner&#8220; schl\u00e4gt er auf knapp 800 Seiten einige Kapitel in Mitteleuropa in den Jahren 1150 bis 1250 auf. Wortgewaltig schl\u00e4gt er einen Spannungsbogen rund um [&hellip;]<\/p>\n","protected":false},"author":1,"featured_media":783,"comment_status":"open","ping_status":"open","sticky":false,"template":"","format":"standard","meta":{"_monsterinsights_skip_tracking":false,"_monsterinsights_sitenote_active":false,"_monsterinsights_sitenote_note":"","_monsterinsights_sitenote_category":0,"footnotes":""},"categories":[78],"tags":[145,184,89,146,193,141],"class_list":["post-784","post","type-post","status-publish","format-standard","has-post-thumbnail","hentry","category-books","tag-buch","tag-buchkritik","tag-buchtipp","tag-historischer-roman","tag-johann-seeger","tag-roman"],"_links":{"self":[{"href":"https:\/\/www.udomittendrin.de\/udomittendrin\/wordpress\/wp-json\/wp\/v2\/posts\/784","targetHints":{"allow":["GET"]}}],"collection":[{"href":"https:\/\/www.udomittendrin.de\/udomittendrin\/wordpress\/wp-json\/wp\/v2\/posts"}],"about":[{"href":"https:\/\/www.udomittendrin.de\/udomittendrin\/wordpress\/wp-json\/wp\/v2\/types\/post"}],"author":[{"embeddable":true,"href":"https:\/\/www.udomittendrin.de\/udomittendrin\/wordpress\/wp-json\/wp\/v2\/users\/1"}],"replies":[{"embeddable":true,"href":"https:\/\/www.udomittendrin.de\/udomittendrin\/wordpress\/wp-json\/wp\/v2\/comments?post=784"}],"version-history":[{"count":1,"href":"https:\/\/www.udomittendrin.de\/udomittendrin\/wordpress\/wp-json\/wp\/v2\/posts\/784\/revisions"}],"predecessor-version":[{"id":786,"href":"https:\/\/www.udomittendrin.de\/udomittendrin\/wordpress\/wp-json\/wp\/v2\/posts\/784\/revisions\/786"}],"wp:featuredmedia":[{"embeddable":true,"href":"https:\/\/www.udomittendrin.de\/udomittendrin\/wordpress\/wp-json\/wp\/v2\/media\/783"}],"wp:attachment":[{"href":"https:\/\/www.udomittendrin.de\/udomittendrin\/wordpress\/wp-json\/wp\/v2\/media?parent=784"}],"wp:term":[{"taxonomy":"category","embeddable":true,"href":"https:\/\/www.udomittendrin.de\/udomittendrin\/wordpress\/wp-json\/wp\/v2\/categories?post=784"},{"taxonomy":"post_tag","embeddable":true,"href":"https:\/\/www.udomittendrin.de\/udomittendrin\/wordpress\/wp-json\/wp\/v2\/tags?post=784"}],"curies":[{"name":"wp","href":"https:\/\/api.w.org\/{rel}","templated":true}]}}