{"id":671,"date":"2021-06-09T20:33:48","date_gmt":"2021-06-09T18:33:48","guid":{"rendered":"https:\/\/www.udomittendrin.de\/udomittendrin\/wordpress\/?p=671"},"modified":"2021-06-09T20:39:40","modified_gmt":"2021-06-09T18:39:40","slug":"der-winter-des-propheten","status":"publish","type":"post","link":"https:\/\/www.udomittendrin.de\/udomittendrin\/wordpress\/2021\/06\/09\/der-winter-des-propheten\/","title":{"rendered":"Der Winter des Propheten"},"content":{"rendered":"\n<h2 class=\"wp-block-heading\">Lauwarmer Thriller<\/h2>\n\n\n\n<p>Der Klappentext war vielversprechend:<\/p>\n\n\n\n<p>In einem Hotel in Sarajevo verbringt die schwedische Diplomatin Ylva Grey ein Sch\u00e4ferst\u00fcndchen mit ihrem Kollegen Anders Krantz. Kurz darauf trennen sich die beiden, sodass Anders allein in der Lobby ist, als dort eine Bombe explodiert. Unterdessen versucht im winterlichen Uppsala der Student Elias Krantz verzweifelt, seinen Vater zu erreichen \u2013 und muss von dessen Tod erfahren. Ylva, die mit dem Leben davongekommen ist, nimmt Kontakt zu Elias auf. Gemeinsam wollen sie herausfinden, was hinter dem heimt\u00fcckischen Anschlag steckt. Und m\u00fcssen im Kreuzfeuer von Geheimdiensten, Regierungen und m\u00e4chtigen Unternehmern sehr bald um ihr Leben laufen&nbsp;<\/p>\n\n\n\n<p>Die Story beginnt auch so wie beschrieben &#8230; und anfangs sind die einzelnen Str\u00e4nge auch noch weitgehend plausibel und es kommt so etwas wie Spannung auf. Doch der Schreibstil von Hakan \u00d6stlundh ist gew\u00f6hnungsbed\u00fcrftig. Kurze S\u00e4tze, allesamt in der Gegenwart gehalten schaffen kaum Stimmung, nur wenig Raum f\u00fcr Phantasie. Das klingt dann im etwa (fiktiv) so: &#8222;Ylva geht zum K\u00fchlschrank. Sie hat Hunger. Ylva findet aber nichts nach ihrem Geschmack und schlie\u00dft die K\u00fchlschrankt\u00fcr. Ylva denkt \u00fcber die Ereignisse nach&#8220;.<\/p>\n\n\n\n<p>Auch mit zunehmender Erz\u00e4hlung, es kommen einige (f\u00fcr deutsche Leser schwer verst\u00e4ndliche) schwedische Ortsnamen und Vor\/Nachnamen hinzu, fehlt die z\u00fcndende Initialfunke f\u00fcr eine fesselnde Story. Klar, die Bombe ist explodiert und ja, Ylva und Elias haben ein Motiv, die Wahrheit herauszufinden. Es gibt ein paar Leichen, ein paar konstruierte Begegnungen und es erscheinen auch zwei &#8222;Polizistinnen&#8220; auf der Bildfl\u00e4che, die man anf\u00e4nglich aber nur schwer einordnen kann.<\/p>\n\n\n\n<p>So schleppt man sich Kapitel f\u00fcr Kapitel vorw\u00e4rts und ein richtig prickelnder roter Faden war f\u00fcr mich zu keinem Zeitpunkt erkennbar. Auch die eingangs erw\u00e4hnte Tatsache, dass Elias einen Gehirntumor hat und auf einen Befund ebenso wartet wie auf einen OP Termin, schwappt immer wieder mal an die Oberfl\u00e4che der Story, ein echter Cliffhanger wird daraus aber nie &#8211; ebenso wenig wie die &#8222;Aufl\u00f6sung&#8220; zu diesem Unterpunkt am Ende der Geschichte irgendeine Erhellung bringen kann.<\/p>\n\n\n\n<h2 class=\"wp-block-heading\">Fazit:<\/h2>\n\n\n\n<p>was gut beginnt, wird &#8211; auch aufgrund der doch eigent\u00fcmlichen Schreibweise &#8211; schnell zum eher erm\u00fcdendem Lesen, denn zum pageturner. War am Anfang so etwas wie Spannung vorhanden, so musste ich sp\u00e4testens ab Mittelteil feststellen, dass die Geschichte irgendwie zerfasert und zu keinem Zeitpunkt dem Genre &#8222;Thriller&#8220; gerecht wird. Auch die irgendwann einmal sichtbare Aufl\u00f6sung vermag wenig &#8222;aha&#8220;-Effekt zu zaubern. Dachte ich am Anfang noch &#8222;ich bin gespannt, wie die Thriller Triologie rund um Elias Krantz sich wohl weiter entwickelt&#8220;, so war f\u00fcr mich sp\u00e4testens im letzten Drittel dieser Funke erloschen. Schade.<\/p>\n\n\n\n<figure class=\"wp-block-image size-large\"><img loading=\"lazy\" decoding=\"async\" width=\"350\" height=\"524\" src=\"https:\/\/www.udomittendrin.de\/udomittendrin\/wordpress\/wp-content\/uploads\/2021\/06\/9783442490189_Cover.jpg\" alt=\"\" class=\"wp-image-670\" srcset=\"https:\/\/www.udomittendrin.de\/udomittendrin\/wordpress\/wp-content\/uploads\/2021\/06\/9783442490189_Cover.jpg 350w, https:\/\/www.udomittendrin.de\/udomittendrin\/wordpress\/wp-content\/uploads\/2021\/06\/9783442490189_Cover-200x300.jpg 200w\" sizes=\"auto, (max-width: 350px) 100vw, 350px\" \/><\/figure>\n","protected":false},"excerpt":{"rendered":"<p>Lauwarmer Thriller Der Klappentext war vielversprechend: In einem Hotel in Sarajevo verbringt die schwedische Diplomatin Ylva Grey ein Sch\u00e4ferst\u00fcndchen mit ihrem Kollegen Anders Krantz. Kurz darauf trennen sich die beiden, sodass Anders allein in der Lobby ist, als dort eine Bombe explodiert. Unterdessen versucht im winterlichen Uppsala der Student Elias Krantz verzweifelt, seinen Vater zu [&hellip;]<\/p>\n","protected":false},"author":1,"featured_media":670,"comment_status":"open","ping_status":"open","sticky":false,"template":"","format":"standard","meta":{"_monsterinsights_skip_tracking":false,"_monsterinsights_sitenote_active":false,"_monsterinsights_sitenote_note":"","_monsterinsights_sitenote_category":0,"footnotes":""},"categories":[78],"tags":[],"class_list":["post-671","post","type-post","status-publish","format-standard","has-post-thumbnail","hentry","category-books"],"_links":{"self":[{"href":"https:\/\/www.udomittendrin.de\/udomittendrin\/wordpress\/wp-json\/wp\/v2\/posts\/671","targetHints":{"allow":["GET"]}}],"collection":[{"href":"https:\/\/www.udomittendrin.de\/udomittendrin\/wordpress\/wp-json\/wp\/v2\/posts"}],"about":[{"href":"https:\/\/www.udomittendrin.de\/udomittendrin\/wordpress\/wp-json\/wp\/v2\/types\/post"}],"author":[{"embeddable":true,"href":"https:\/\/www.udomittendrin.de\/udomittendrin\/wordpress\/wp-json\/wp\/v2\/users\/1"}],"replies":[{"embeddable":true,"href":"https:\/\/www.udomittendrin.de\/udomittendrin\/wordpress\/wp-json\/wp\/v2\/comments?post=671"}],"version-history":[{"count":3,"href":"https:\/\/www.udomittendrin.de\/udomittendrin\/wordpress\/wp-json\/wp\/v2\/posts\/671\/revisions"}],"predecessor-version":[{"id":674,"href":"https:\/\/www.udomittendrin.de\/udomittendrin\/wordpress\/wp-json\/wp\/v2\/posts\/671\/revisions\/674"}],"wp:featuredmedia":[{"embeddable":true,"href":"https:\/\/www.udomittendrin.de\/udomittendrin\/wordpress\/wp-json\/wp\/v2\/media\/670"}],"wp:attachment":[{"href":"https:\/\/www.udomittendrin.de\/udomittendrin\/wordpress\/wp-json\/wp\/v2\/media?parent=671"}],"wp:term":[{"taxonomy":"category","embeddable":true,"href":"https:\/\/www.udomittendrin.de\/udomittendrin\/wordpress\/wp-json\/wp\/v2\/categories?post=671"},{"taxonomy":"post_tag","embeddable":true,"href":"https:\/\/www.udomittendrin.de\/udomittendrin\/wordpress\/wp-json\/wp\/v2\/tags?post=671"}],"curies":[{"name":"wp","href":"https:\/\/api.w.org\/{rel}","templated":true}]}}