{"id":566,"date":"2020-10-11T12:44:50","date_gmt":"2020-10-11T10:44:50","guid":{"rendered":"https:\/\/www.udomittendrin.de\/udomittendrin\/wordpress\/?p=566"},"modified":"2020-10-11T12:44:50","modified_gmt":"2020-10-11T10:44:50","slug":"nordsee-daemmerung","status":"publish","type":"post","link":"https:\/\/www.udomittendrin.de\/udomittendrin\/wordpress\/2020\/10\/11\/nordsee-daemmerung\/","title":{"rendered":"Nordsee d\u00e4mmerung"},"content":{"rendered":"\n<p>Christian Kuhn ein junger Autor mit einem tollen Deb\u00fct auf dem Markt der Kriminalromane.<\/p>\n\n\n\n<p>Der Klappentext liest sich zun\u00e4chst einmal auszugsweise so: Sommerpause. Der Bundespr\u00e4sident macht Urlaub auf Juist. Doch es mehren sich die Hinweise, dass ein M\u00f6rder auf ihn angesetzt wurde. Kriminalhauptkommissar Tobias Velten wird von Berlin auf die ostfriesische Insel entsandt, um das Sicherheitsteam vor Ort zu unterst\u00fctzen. Und er hat noch einen zweiten, geheimen Auftrag: Offenbar gibt es einen Spitzel in den eigenen Reihen. Velten muss ihn so schnell wie m\u00f6glich \u00fcberf\u00fchren.<\/p>\n\n\n\n<p>Das klingt fiktiv, ist es auch, aber der Leser kommt sehr schnell in die Handlung hinein und lernt authentische und gleichsam sympathische Protagonisten kennen. Die Spannung baut sich zunehmend in dem gut zu lesenden Stoff auf. Der im Brennpunkt stehende Politiker wird geschickt charakterisiert und so scheinen die Wendungen im Roman auch logisch. Kuhn steigert angenehm und spannungsgeladen sein Tempo und Langeweile entsteht auf diesen \u00fcber 300 Seiten zu keinem Zeitpunkt.<\/p>\n\n\n\n<p>Kurzum: ein Krimi f\u00fcr graue Herbsttage, Spannung f\u00fcr ein langes Regenwochenende, gut aufgebaut, stimmig in der Konstruktion und authentisch in der Erz\u00e4hlweise &#8211; sogar das Ende hat eine Augenzwinkernde \u00dcberraschung parat, die dem Kommissar Velten ein paar weitere Sympathiepunkte beschert. Man darf gespannt sein, ob Autor Kuhn Velten noch ein weitere F\u00e4lle zu l\u00f6sen gibt. Lesenswert f\u00fcr alle, die kurzweilige Krimis ohne viel Schnick Schnack m\u00f6gen.<\/p>\n\n\n\n<p>*** (c) Udo Kewitsch, Okt. 20 ***<\/p>\n","protected":false},"excerpt":{"rendered":"<p>Christian Kuhn ein junger Autor mit einem tollen Deb\u00fct auf dem Markt der Kriminalromane. Der Klappentext liest sich zun\u00e4chst einmal auszugsweise so: Sommerpause. Der Bundespr\u00e4sident macht Urlaub auf Juist. Doch es mehren sich die Hinweise, dass ein M\u00f6rder auf ihn angesetzt wurde. Kriminalhauptkommissar Tobias Velten wird von Berlin auf die ostfriesische Insel entsandt, um das [&hellip;]<\/p>\n","protected":false},"author":1,"featured_media":565,"comment_status":"open","ping_status":"open","sticky":false,"template":"","format":"standard","meta":{"_monsterinsights_skip_tracking":false,"_monsterinsights_sitenote_active":false,"_monsterinsights_sitenote_note":"","_monsterinsights_sitenote_category":0,"footnotes":""},"categories":[78],"tags":[126,107,128,129,127,130],"class_list":["post-566","post","type-post","status-publish","format-standard","has-post-thumbnail","hentry","category-books","tag-christian-kuhn","tag-heyne","tag-krimi","tag-kriminalroman","tag-nordseedaemmerung","tag-spannung"],"_links":{"self":[{"href":"https:\/\/www.udomittendrin.de\/udomittendrin\/wordpress\/wp-json\/wp\/v2\/posts\/566","targetHints":{"allow":["GET"]}}],"collection":[{"href":"https:\/\/www.udomittendrin.de\/udomittendrin\/wordpress\/wp-json\/wp\/v2\/posts"}],"about":[{"href":"https:\/\/www.udomittendrin.de\/udomittendrin\/wordpress\/wp-json\/wp\/v2\/types\/post"}],"author":[{"embeddable":true,"href":"https:\/\/www.udomittendrin.de\/udomittendrin\/wordpress\/wp-json\/wp\/v2\/users\/1"}],"replies":[{"embeddable":true,"href":"https:\/\/www.udomittendrin.de\/udomittendrin\/wordpress\/wp-json\/wp\/v2\/comments?post=566"}],"version-history":[{"count":1,"href":"https:\/\/www.udomittendrin.de\/udomittendrin\/wordpress\/wp-json\/wp\/v2\/posts\/566\/revisions"}],"predecessor-version":[{"id":567,"href":"https:\/\/www.udomittendrin.de\/udomittendrin\/wordpress\/wp-json\/wp\/v2\/posts\/566\/revisions\/567"}],"wp:featuredmedia":[{"embeddable":true,"href":"https:\/\/www.udomittendrin.de\/udomittendrin\/wordpress\/wp-json\/wp\/v2\/media\/565"}],"wp:attachment":[{"href":"https:\/\/www.udomittendrin.de\/udomittendrin\/wordpress\/wp-json\/wp\/v2\/media?parent=566"}],"wp:term":[{"taxonomy":"category","embeddable":true,"href":"https:\/\/www.udomittendrin.de\/udomittendrin\/wordpress\/wp-json\/wp\/v2\/categories?post=566"},{"taxonomy":"post_tag","embeddable":true,"href":"https:\/\/www.udomittendrin.de\/udomittendrin\/wordpress\/wp-json\/wp\/v2\/tags?post=566"}],"curies":[{"name":"wp","href":"https:\/\/api.w.org\/{rel}","templated":true}]}}