{"id":539,"date":"2020-10-07T12:27:24","date_gmt":"2020-10-07T10:27:24","guid":{"rendered":"https:\/\/www.udomittendrin.de\/udomittendrin\/wordpress\/?p=539"},"modified":"2020-10-07T19:43:35","modified_gmt":"2020-10-07T17:43:35","slug":"san2-his-soul-patrol","status":"publish","type":"post","link":"https:\/\/www.udomittendrin.de\/udomittendrin\/wordpress\/2020\/10\/07\/san2-his-soul-patrol\/","title":{"rendered":"san2 &#038; his soul patrol"},"content":{"rendered":"\n<p><strong>San2 &amp; his Soul Patrol<\/strong><\/p>\n\n\n\n<p>\u00dcberzeugendes Konzert im Auers Livebr\u00e4u in Neubeuern<\/p>\n\n\n\n<p>\u201eDer begnadete Rhythm &amp; Blues-S\u00e4nger San2 katapultiert die schwarze Musik der 1960er und 70er Jahre ins 21. Jahrhundert. Rhythmus und Melodie gehen ins Blut, dazu gibt\u2019s eine passende Prise Pop.\u201c Soweit die Ank\u00fcndigung der ambitionierten und sehr motivierten Veranstalter Kathrin Weimar und Tom Janko von Crossgammy. Das Plakat und auch die Tatsache, dass San2 durch zahlreichen Radio- und Fernsehauftritten aber auch durch gemeinsame Auftritte mit der New Yorker Brassband The Lucky Chops sowie als Vorband von Jazz-Weltstar Jamie Cullum einem gr\u00f6\u00dferen Publikum bekannt geworden ist, machen mich zuversichtlich ein gutes Konzert zu besuchen.<\/p>\n\n\n\n<p>Das \u201eSoul Patrol Intro\u201c der Band ist schon mal fulminant. Wummernd treiben eine Gitarre (sehr, sehr \u201eriffig: Sebastian Schwarzberger), ein Bass (souver\u00e4n, Sebastian Gieck), das Schlagzeug (druckvoll: Peter Oscar Kraus) und ein Keyboard (funky funky: Matthias Bublath) die Band nach vorn. Als San2 nun f\u00fcr \u201eSolid Man\u201c die B\u00fchne betritt, wird deutlich: Musik und Entertainment geh\u00f6ren f\u00fcr San2 zusammen. Das mag freilich auch an seinem Charisma liegen. Das ist etwas, dass l\u00e4sst sich nicht trainieren, man hat es oder eben nicht. San2 hat es. Ein Grund, neben der sehr guten Band, dass das Publikum in Neubeuern im Sturm erobert ward. Leider nicht ausverkauft, lassen sich die G\u00e4ste trotzdem nicht lange bitten: der ausreichende Raum auf Tanzfl\u00e4che wird ausgiebig genutzt.\u00a0 Es folgen soulige Songs, die allesamt Laune machen: \u201eJust a little bit more\u201c wurde in der Folge allen erf\u00fcllt, \u201eBurnin flame\u201c brachte den Saal schnell zum kochen und der neue Song \u201eBorn on the southside\u201c wird demn\u00e4chst auch auf der neuen CD von San2 zu h\u00f6ren sein.<\/p>\n\n\n\n<figure class=\"wp-block-image size-large\"><img loading=\"lazy\" decoding=\"async\" width=\"1024\" height=\"682\" src=\"https:\/\/www.udomittendrin.de\/udomittendrin\/wordpress\/wp-content\/uploads\/2020\/10\/San2_bycUdokah.de-3517-1024x682.jpg\" alt=\"\" class=\"wp-image-558\" srcset=\"https:\/\/www.udomittendrin.de\/udomittendrin\/wordpress\/wp-content\/uploads\/2020\/10\/San2_bycUdokah.de-3517-1024x682.jpg 1024w, https:\/\/www.udomittendrin.de\/udomittendrin\/wordpress\/wp-content\/uploads\/2020\/10\/San2_bycUdokah.de-3517-300x200.jpg 300w, https:\/\/www.udomittendrin.de\/udomittendrin\/wordpress\/wp-content\/uploads\/2020\/10\/San2_bycUdokah.de-3517-768x512.jpg 768w, https:\/\/www.udomittendrin.de\/udomittendrin\/wordpress\/wp-content\/uploads\/2020\/10\/San2_bycUdokah.de-3517.jpg 1280w\" sizes=\"auto, (max-width: 1024px) 100vw, 1024px\" \/><\/figure>\n\n\n\n<p>Die Band spielt wie aus einem Gu\u00df, Frontman San2 \u00fcberzeugt nicht nur gesanglich, sondern auch durch perfektes Bluesharp-Spiel. Die Solis der Musiker \u00fcberzeugen, der Sound passt.&nbsp; \u201e2022 Boogie\u201c ist ein Song f\u00fcr die Zukunft, die Interpretation des Klassikers \u201eThe Joker\u201c hervorragend&nbsp; und auch der Rest der Setlist ist ein sch\u00f6ner Mix aus Soul &amp; Funk in schnellen und auch langsamen, herzbrechenden Einheiten. Tanzbar, mitrei\u00dfend allemal.<\/p>\n\n\n\n<p>Kurzum: ein Soulman auf seiner Mission. San2 &amp; His Soul Patrol sind angesagten Erneuerer des Genres.&nbsp;<\/p>\n\n\n\n<p>*** \u00a9 Udo Kewitsch, 22.09. \/ Zeichen 2292 \/ Zeilen 31 ***<\/p>\n","protected":false},"excerpt":{"rendered":"<p>San2 &amp; his Soul Patrol \u00dcberzeugendes Konzert im Auers Livebr\u00e4u in Neubeuern \u201eDer begnadete Rhythm &amp; Blues-S\u00e4nger San2 katapultiert die schwarze Musik der 1960er und 70er Jahre ins 21. Jahrhundert. Rhythmus und Melodie gehen ins Blut, dazu gibt\u2019s eine passende Prise Pop.\u201c Soweit die Ank\u00fcndigung der ambitionierten und sehr motivierten Veranstalter Kathrin Weimar und Tom [&hellip;]<\/p>\n","protected":false},"author":1,"featured_media":557,"comment_status":"open","ping_status":"open","sticky":false,"template":"","format":"standard","meta":{"_monsterinsights_skip_tracking":false,"_monsterinsights_sitenote_active":false,"_monsterinsights_sitenote_note":"","_monsterinsights_sitenote_category":0,"footnotes":""},"categories":[1,3],"tags":[91,90,120,122,121],"class_list":["post-539","post","type-post","status-publish","format-standard","has-post-thumbnail","hentry","category-allgemein","category-concerte","tag-concert","tag-konzert","tag-music","tag-neubeuern","tag-san2-soul-patrol"],"_links":{"self":[{"href":"https:\/\/www.udomittendrin.de\/udomittendrin\/wordpress\/wp-json\/wp\/v2\/posts\/539","targetHints":{"allow":["GET"]}}],"collection":[{"href":"https:\/\/www.udomittendrin.de\/udomittendrin\/wordpress\/wp-json\/wp\/v2\/posts"}],"about":[{"href":"https:\/\/www.udomittendrin.de\/udomittendrin\/wordpress\/wp-json\/wp\/v2\/types\/post"}],"author":[{"embeddable":true,"href":"https:\/\/www.udomittendrin.de\/udomittendrin\/wordpress\/wp-json\/wp\/v2\/users\/1"}],"replies":[{"embeddable":true,"href":"https:\/\/www.udomittendrin.de\/udomittendrin\/wordpress\/wp-json\/wp\/v2\/comments?post=539"}],"version-history":[{"count":2,"href":"https:\/\/www.udomittendrin.de\/udomittendrin\/wordpress\/wp-json\/wp\/v2\/posts\/539\/revisions"}],"predecessor-version":[{"id":559,"href":"https:\/\/www.udomittendrin.de\/udomittendrin\/wordpress\/wp-json\/wp\/v2\/posts\/539\/revisions\/559"}],"wp:featuredmedia":[{"embeddable":true,"href":"https:\/\/www.udomittendrin.de\/udomittendrin\/wordpress\/wp-json\/wp\/v2\/media\/557"}],"wp:attachment":[{"href":"https:\/\/www.udomittendrin.de\/udomittendrin\/wordpress\/wp-json\/wp\/v2\/media?parent=539"}],"wp:term":[{"taxonomy":"category","embeddable":true,"href":"https:\/\/www.udomittendrin.de\/udomittendrin\/wordpress\/wp-json\/wp\/v2\/categories?post=539"},{"taxonomy":"post_tag","embeddable":true,"href":"https:\/\/www.udomittendrin.de\/udomittendrin\/wordpress\/wp-json\/wp\/v2\/tags?post=539"}],"curies":[{"name":"wp","href":"https:\/\/api.w.org\/{rel}","templated":true}]}}