{"id":524,"date":"2020-08-17T18:44:13","date_gmt":"2020-08-17T16:44:13","guid":{"rendered":"https:\/\/www.udomittendrin.de\/udomittendrin\/wordpress\/?p=524"},"modified":"2020-08-17T18:44:13","modified_gmt":"2020-08-17T16:44:13","slug":"nur-nuhr","status":"publish","type":"post","link":"https:\/\/www.udomittendrin.de\/udomittendrin\/wordpress\/2020\/08\/17\/nur-nuhr\/","title":{"rendered":"Nur Nuhr"},"content":{"rendered":"\n<p><strong>\u201eNur Nuhr\u201c Dieter Nuhr in Salzburg<\/strong><\/p>\n\n\n\n<p><strong>Nuhr mit Worten die ganz gro\u00dfe Show<\/strong><\/p>\n\n\n\n<p>Wann ist Kabarett gro\u00dfartig, wann trennt sich die intellektuelle Spreu vom humoristischen Weizen? Wann reichen Nuhr Worte und wann braucht man mehr? Die Frage zu beantworten ist nicht leicht. Allzuoft verwechselt man Comedy mit Kabarett, weichgesp\u00fclten Humor mit heiterem Scharfsinn. Die Grenzen sind, wie so oft im Leben, flie\u00dfend. Im Falle von Dieter Nuhr aber messerscharf gradlinig und exakt gezogen. Der 1960 in Wesel geborene Westfale versteht es wie nur wenige deutschsprachigen Wortakrobaten eine klare Grenze zu ziehen. Platte Witze oder gar den so gerne genommene \u201eSpa\u00df auf Kosten anderer\u201c sucht man in seinen Programmen vergebens. So war der Titel knapp gehalten : \u201eNur Nuhr\u201c \u2013 mehr gab es\u00a0 nicht \u2013 es sollte reichen. Die Salzburg Arena bestens besucht, der Applaus am Ende des \u201eVortrages\u201c ein klares Statement: Nur Nuhr ist mehr als genug, es ist ein \u00e4u\u00dferst\u00a0 hochwertiges Spiegelkabinett unserer (europ\u00e4ischen) Gesellschaft !<\/p>\n\n\n\n<figure class=\"wp-block-image size-large\"><img loading=\"lazy\" decoding=\"async\" width=\"1024\" height=\"682\" src=\"https:\/\/www.udomittendrin.de\/udomittendrin\/wordpress\/wp-content\/uploads\/2020\/08\/Nuhr_bycUdokah.de-3759-1024x682.jpg\" alt=\"\" class=\"wp-image-528\" srcset=\"https:\/\/www.udomittendrin.de\/udomittendrin\/wordpress\/wp-content\/uploads\/2020\/08\/Nuhr_bycUdokah.de-3759-1024x682.jpg 1024w, https:\/\/www.udomittendrin.de\/udomittendrin\/wordpress\/wp-content\/uploads\/2020\/08\/Nuhr_bycUdokah.de-3759-300x200.jpg 300w, https:\/\/www.udomittendrin.de\/udomittendrin\/wordpress\/wp-content\/uploads\/2020\/08\/Nuhr_bycUdokah.de-3759-768x512.jpg 768w, https:\/\/www.udomittendrin.de\/udomittendrin\/wordpress\/wp-content\/uploads\/2020\/08\/Nuhr_bycUdokah.de-3759.jpg 1280w\" sizes=\"auto, (max-width: 1024px) 100vw, 1024px\" \/><\/figure>\n\n\n\n<p>Es beginnt mit der T\u00fcrkei, der Erdogan hat es ihm in den ersten zehn Minuten angetan. Allein die Aussage, dass er ein Hurensohn sei, kann klar widersprochen werden, war doch seine Mutter nie berufst\u00e4tig und \u00fcberhaupt die in den Medien vielzitierte Unzucht mit der Ziege. Hierzu mag Nuhr sich nicht \u00e4u\u00dfern, schlie\u00dflich kenne er weder Erdogan noch seine Ziege pers\u00f6nlich. Er bleibt politisch. Schwadroniert von Russland \u00fcber Griechenland bis hin nach England und greift auch das unvermeidliche Fl\u00fcchtlingsthema realit\u00e4tsnah auf, indem er das Publikum auffordert sich einmal ins Jahr 2012 zur\u00fcckzuversetzen. Ein kurze Pause entsteht, jeder in der Salzburg Arena versucht sich zu erinnern \u2013 bis Nuhr feststellt: \u201esehen Sie, nix ist anders, es war 2012 genauso wie 2016 \u2013 nix hat sich zum Schlechten ver\u00e4ndert. Auch als er das Bild vom \u00fcberlaufenden Bahnsteig am Bundesligaspieltag zeichnet. Auf der einen Seite der Fan-Zug vom Verein XY, besoffen, gr\u00f6hlend, l\u00e4rmend, auf der anderen Seite der Zug voller Fl\u00fcchtlinge, die erstmals deutschen Boden betreten. Das Bild im Kopf verursacht die Lacher.<\/p>\n\n\n\n<figure class=\"wp-block-image size-large\"><img loading=\"lazy\" decoding=\"async\" width=\"1024\" height=\"682\" src=\"https:\/\/www.udomittendrin.de\/udomittendrin\/wordpress\/wp-content\/uploads\/2020\/08\/Nuhr_bycUdokah.de-3757-1024x682.jpg\" alt=\"\" class=\"wp-image-527\" srcset=\"https:\/\/www.udomittendrin.de\/udomittendrin\/wordpress\/wp-content\/uploads\/2020\/08\/Nuhr_bycUdokah.de-3757-1024x682.jpg 1024w, https:\/\/www.udomittendrin.de\/udomittendrin\/wordpress\/wp-content\/uploads\/2020\/08\/Nuhr_bycUdokah.de-3757-300x200.jpg 300w, https:\/\/www.udomittendrin.de\/udomittendrin\/wordpress\/wp-content\/uploads\/2020\/08\/Nuhr_bycUdokah.de-3757-768x512.jpg 768w, https:\/\/www.udomittendrin.de\/udomittendrin\/wordpress\/wp-content\/uploads\/2020\/08\/Nuhr_bycUdokah.de-3757.jpg 1280w\" sizes=\"auto, (max-width: 1024px) 100vw, 1024px\" \/><\/figure>\n\n\n\n<p>Nat\u00fcrlich ist die Welt f\u00fcr die Fl\u00fcchtlinge hier seltsam. Wer aus Afghanistan oder Syrien in der D\u00e4mmerung mit gelben Westen und Stirnlampen bewehrten Joggern begegnet, fragt sich zwangsl\u00e4ufig \u201ewo kommen all die Minenarbeiter her\u201c?<\/p>\n\n\n\n<p>Die \u00dcberg\u00e4nge sind flie\u00dfend, Nuhr redet sich warm, bleibt stet beherrscht und gibt sich sachlich. Die Naht zwischen Realit\u00e4t und Schalk ist derart hauchd\u00fcnn, dass es manches Mal be\u00e4ngstigend wachr\u00fcttelnd ist.<\/p>\n\n\n\n<p>Die Senioren beispielsweise. Fr\u00fcher, im zarten Alter von 15, dachte Nuhr, dass man mit 30 tot sei, doch wenn ihn jetzt Sechzigj\u00e4hrige auf der Deutschen Autobahn \u00fcberholen, dann stellt er fest: die haben ein Surfbrett auf dem Dach, die springen doch glatt mit dem Fallschirm direkt in die Grube. In Zukunft haben die Totenhemden Neongelb mit Streifen.<\/p>\n\n\n\n<p>Vom Tod zur Kultur. Diese wurde nur erfunden, damit wir zwischen dem Geschlechsverkehr was zu tun haben, stellt er l\u00e4chelnd fest und ertappt die Klatscher in der ersten Reihe mit den Worten \u201eund Sie klatschen, weil Sie betroffen sind\u201c.<\/p>\n\n\n\n<figure class=\"wp-block-image size-large\"><img loading=\"lazy\" decoding=\"async\" width=\"1024\" height=\"682\" src=\"https:\/\/www.udomittendrin.de\/udomittendrin\/wordpress\/wp-content\/uploads\/2020\/08\/Nuhr_bycUdokah.de-3754-1024x682.jpg\" alt=\"\" class=\"wp-image-526\" srcset=\"https:\/\/www.udomittendrin.de\/udomittendrin\/wordpress\/wp-content\/uploads\/2020\/08\/Nuhr_bycUdokah.de-3754-1024x682.jpg 1024w, https:\/\/www.udomittendrin.de\/udomittendrin\/wordpress\/wp-content\/uploads\/2020\/08\/Nuhr_bycUdokah.de-3754-300x200.jpg 300w, https:\/\/www.udomittendrin.de\/udomittendrin\/wordpress\/wp-content\/uploads\/2020\/08\/Nuhr_bycUdokah.de-3754-768x512.jpg 768w, https:\/\/www.udomittendrin.de\/udomittendrin\/wordpress\/wp-content\/uploads\/2020\/08\/Nuhr_bycUdokah.de-3754.jpg 1280w\" sizes=\"auto, (max-width: 1024px) 100vw, 1024px\" \/><\/figure>\n\n\n\n<p>Nuhr genial, nur treffend scharf und pointiert ist sein Programm. Das Spektrum ist reichhaltig und weitl\u00e4ufig. Wir erfahren viel \u00fcber Wissenschaft und Statistik und M\u00e4rchenb\u00fccher. Der neuste Trend vom \u201eTheo dem vegatarischen Tiger\u201c ist jedoch seiner Meinung nach der gr\u00f6\u00dfte Quatsch, der je zwischen zwei Buchdeckel gepresst wurde. Dann wird er wieder ernst und widmet sich der Nachrichtenflut und der Tatsache, dass wir nicht mehr zu unterscheiden wissen zwischen Sensation und Normalit\u00e4t. Weil jede Meldung ja normalerweise eine Abweichung von der Normalit\u00e4t verlautbart, wir aber auf allen Kan\u00e4len und allen Ger\u00e4ten rund um die Uhr mit derartigen Meldungen versorgt werden, nicht mehr erkennen zu verm\u00f6gen, dass der ganze Wahnsinn so normal wird. Er trifft die wunden Punkte, seziert peinlich akribisch und arbeitet penibel heraus, dass es uns so gut wie nie zuvor geht und wir doch im Jammertal angekommen sind.<\/p>\n\n\n\n<p>Tiefsinnige Br\u00fcller, schwadronierende Realit\u00e4ten, Komik mit Betroffenheitsfaktor. Nur Nuhr ist ein Tauchgang in der Suppe des Alltags, ein Bad im Irrsinn des Lebens. Erschreckend nah an der Wahrheit, erleichternd belustigend. Nuhr nur gro\u00dfartig.&nbsp;<\/p>\n\n\n\n<p>*** \u00a9 Udo Kewitsch, Zeichen 4281, Zeilen 62 &nbsp; ***<\/p>\n","protected":false},"excerpt":{"rendered":"<p>\u201eNur Nuhr\u201c Dieter Nuhr in Salzburg Nuhr mit Worten die ganz gro\u00dfe Show Wann ist Kabarett gro\u00dfartig, wann trennt sich die intellektuelle Spreu vom humoristischen Weizen? Wann reichen Nuhr Worte und wann braucht man mehr? Die Frage zu beantworten ist nicht leicht. Allzuoft verwechselt man Comedy mit Kabarett, weichgesp\u00fclten Humor mit heiterem Scharfsinn. Die Grenzen [&hellip;]<\/p>\n","protected":false},"author":1,"featured_media":529,"comment_status":"open","ping_status":"open","sticky":false,"template":"","format":"standard","meta":{"_monsterinsights_skip_tracking":false,"_monsterinsights_sitenote_active":false,"_monsterinsights_sitenote_note":"","_monsterinsights_sitenote_category":0,"footnotes":""},"categories":[1,4],"tags":[112,108,69,109,110,111],"class_list":["post-524","post","type-post","status-publish","format-standard","has-post-thumbnail","hentry","category-allgemein","category-theater","tag-comedy","tag-dieter-nuhr","tag-kabarett","tag-salzburg","tag-salzburg-arena","tag-unterhaltung"],"_links":{"self":[{"href":"https:\/\/www.udomittendrin.de\/udomittendrin\/wordpress\/wp-json\/wp\/v2\/posts\/524","targetHints":{"allow":["GET"]}}],"collection":[{"href":"https:\/\/www.udomittendrin.de\/udomittendrin\/wordpress\/wp-json\/wp\/v2\/posts"}],"about":[{"href":"https:\/\/www.udomittendrin.de\/udomittendrin\/wordpress\/wp-json\/wp\/v2\/types\/post"}],"author":[{"embeddable":true,"href":"https:\/\/www.udomittendrin.de\/udomittendrin\/wordpress\/wp-json\/wp\/v2\/users\/1"}],"replies":[{"embeddable":true,"href":"https:\/\/www.udomittendrin.de\/udomittendrin\/wordpress\/wp-json\/wp\/v2\/comments?post=524"}],"version-history":[{"count":2,"href":"https:\/\/www.udomittendrin.de\/udomittendrin\/wordpress\/wp-json\/wp\/v2\/posts\/524\/revisions"}],"predecessor-version":[{"id":530,"href":"https:\/\/www.udomittendrin.de\/udomittendrin\/wordpress\/wp-json\/wp\/v2\/posts\/524\/revisions\/530"}],"wp:featuredmedia":[{"embeddable":true,"href":"https:\/\/www.udomittendrin.de\/udomittendrin\/wordpress\/wp-json\/wp\/v2\/media\/529"}],"wp:attachment":[{"href":"https:\/\/www.udomittendrin.de\/udomittendrin\/wordpress\/wp-json\/wp\/v2\/media?parent=524"}],"wp:term":[{"taxonomy":"category","embeddable":true,"href":"https:\/\/www.udomittendrin.de\/udomittendrin\/wordpress\/wp-json\/wp\/v2\/categories?post=524"},{"taxonomy":"post_tag","embeddable":true,"href":"https:\/\/www.udomittendrin.de\/udomittendrin\/wordpress\/wp-json\/wp\/v2\/tags?post=524"}],"curies":[{"name":"wp","href":"https:\/\/api.w.org\/{rel}","templated":true}]}}