{"id":511,"date":"2019-07-20T22:12:10","date_gmt":"2019-07-20T20:12:10","guid":{"rendered":"https:\/\/www.udomittendrin.de\/udomittendrin\/wordpress\/?p=511"},"modified":"2020-10-20T18:52:23","modified_gmt":"2020-10-20T16:52:23","slug":"body-painting","status":"publish","type":"post","link":"https:\/\/www.udomittendrin.de\/udomittendrin\/wordpress\/2019\/07\/20\/body-painting\/","title":{"rendered":"Body painting"},"content":{"rendered":"\n<p><strong>Auf den Spuren der Indianer<\/strong><\/p>\n\n\n\n<p><strong>Von der H\u00f6hlenmalerei zum Bodypainting<\/strong><\/p>\n\n\n\n<p>Es gibt so viele neuzeitliche Trends und Str\u00f6mungen. Man gibt den Dingen einen neuen Namen und manch einer glaubt tats\u00e4chlich hinter der hippen Bezeichnung steht etwas noch nie dagewesenes. Beispiel gef\u00e4llig? Der Duden hat j\u00fcngst 5000 (in Worten: f\u00fcnftausend!) neue W\u00f6rter in sein Standardwerk aufgenommen. Hat der Mensch sich fr\u00fcher in Ruhezonen erholt und seine Muskeln entspannt, geht das heute nur noch in Chill Out Areas. Sehnen wir uns heute nach einer Work-Life Balance so haben unsere M\u00fctter und V\u00e4ter fr\u00fcher schon versucht halbwegs ausgeglichen in einer gesunden Mischung zwischen Beruf und Privat zu leben (\u201eAm Sonntag geh\u00f6rt der Vati mir\u201c). Seit Urzeiten l\u00e4uft die Menschheit, seit vielen Jahren sind wir nur noch am \u201ejoggen\u201c, neuerdings sogar am \u201ewalken\u201c,\u00a0 wenn wir heute ein \u201eRoad Movie\u201c ansehen, f\u00fchlen sich die \u00e4lteren Semester gerne auch an den legend\u00e4ren Kinofilm \u201eEasy Rider\u201c erinnert, der einen solchen Zusatz gar nicht brauchte. Heutzutage gibt es die Zustimmung nur noch in Form von \u201elikes\u201c, w\u00e4hrend es bis Ende der 90ziger gereicht hat, einfach etwas \u201egut zu finden\u201c. Der \u201eDaumen hoch\u201c h\u00e4lt sich jedoch international und weltweit wacker und wurde bislang noch von keiner \u201eneumodischen\u201c Zehe oder dergleichen ersetzt.\u00a0<\/p>\n\n\n\n<figure class=\"wp-block-image size-large\"><img loading=\"lazy\" decoding=\"async\" width=\"1024\" height=\"683\" src=\"https:\/\/www.udomittendrin.de\/udomittendrin\/wordpress\/wp-content\/uploads\/2020\/07\/bodypainting_bycUdokah.de-4666-1024x683.jpg\" alt=\"\" class=\"wp-image-513\" srcset=\"https:\/\/www.udomittendrin.de\/udomittendrin\/wordpress\/wp-content\/uploads\/2020\/07\/bodypainting_bycUdokah.de-4666-1024x683.jpg 1024w, https:\/\/www.udomittendrin.de\/udomittendrin\/wordpress\/wp-content\/uploads\/2020\/07\/bodypainting_bycUdokah.de-4666-300x200.jpg 300w, https:\/\/www.udomittendrin.de\/udomittendrin\/wordpress\/wp-content\/uploads\/2020\/07\/bodypainting_bycUdokah.de-4666-768x512.jpg 768w, https:\/\/www.udomittendrin.de\/udomittendrin\/wordpress\/wp-content\/uploads\/2020\/07\/bodypainting_bycUdokah.de-4666.jpg 1080w\" sizes=\"auto, (max-width: 1024px) 100vw, 1024px\" \/><\/figure>\n\n\n\n<p><strong>K\u00f6rperbemalung \u2013 Bodypainting<\/strong><\/p>\n\n\n\n<p>Haben sich fr\u00fcher die Indianer mit Erdfarben eine Kriegsbemalung zugelegt, H\u00f6hlenmenschen sich mit Ocker, dem schwarzen Manganoxid oder schlicht mit Holzkohle einen \u201eAnstrich\u201c gegeben, so waren es die Ureinwohner in Papua-Neuguinea, die sich Gesicht und K\u00f6rper zu besonderen festlichen Anl\u00e4ssen, wie Initiationsfeiern, Totenfesten oder Heilungszeremonien bemalten. Womit wir (endlich) beim Thema w\u00e4ren: Bodypainting \u2013 oder in der \u201ekleinen\u201c Version: Facepainting. Neue Begrifflichkeit, alter Ritus. Nat\u00fcrlich, zugegeben: heute vertreiben wir damit l\u00e4ngst keine Geister mehr, hoffen nicht auf Wunderheilung und m\u00fcssen auch dem \u201eGegner\u201c mit unserer Maskerade keine Furcht mehr einfl\u00f6\u00dfen (das machen wir neuerdings nur noch via Twitter).&nbsp;<\/p>\n\n\n\n<p>Nein, Body- oder Facepainting ist heutzutage eine Kunstform. War dies beim Clown seit Jahrzehnten in der Zirkuswelt noch ein normales stilistisches Mittel, um dem Gesichtsausdruck eine besondere Note zu geben, so ist es heute auf Festivals und besonderen Events eine Ausdrucksform, manch einer spricht sogar von Body-Art. Die \u00f6ffentliche Diskussion unter den Gelehrten, ob es sich um eine \u201eetablierte\u201c Kunstform handelt dauert an. Positives \u00d6l in das lodernde Kunstfeuer gie\u00dft seit nunmehr 20 Jahren die wba (Word Bodypainting Assoziation), die nunmehr dieser Tage in Klagenfurt ihr zwanzigstes World Bodypainting Festival ausrichtete. Body-Art K\u00fcnstler leben auch im Chiemgau. Sabine Mayer aus Waging ist eine von ihnen.\u00a0 Zwei zweite Pl\u00e4tze beim ebf (european bodypainting festival) in der Kategorie \u201eFacepainting\u201c und \u201eSpecial UV Effects\u201c hat sie mit nach Hause gebracht und damit internationale Anerkennung gewonnen.<\/p>\n\n\n\n<figure class=\"wp-block-image size-large\"><img loading=\"lazy\" decoding=\"async\" width=\"1008\" height=\"720\" src=\"https:\/\/www.udomittendrin.de\/udomittendrin\/wordpress\/wp-content\/uploads\/2020\/07\/bodypainting_bycUdokah.de-4669.jpg\" alt=\"\" class=\"wp-image-514\" srcset=\"https:\/\/www.udomittendrin.de\/udomittendrin\/wordpress\/wp-content\/uploads\/2020\/07\/bodypainting_bycUdokah.de-4669.jpg 1008w, https:\/\/www.udomittendrin.de\/udomittendrin\/wordpress\/wp-content\/uploads\/2020\/07\/bodypainting_bycUdokah.de-4669-300x214.jpg 300w, https:\/\/www.udomittendrin.de\/udomittendrin\/wordpress\/wp-content\/uploads\/2020\/07\/bodypainting_bycUdokah.de-4669-768x549.jpg 768w\" sizes=\"auto, (max-width: 1008px) 100vw, 1008px\" \/><\/figure>\n\n\n\n<p>\u201eEs ist so faszinierend, etwas zu schaffen, was aber auch wieder so verg\u00e4nglich ist\u201c beschreibt sie ihre Leidenschaft. Angefangen hat alles Anfang 2000. Zeichnen und Malen waren seit jeher ihr Hobby. Es ergab sich die Gelegenheit Kinder zu schminken. was lag also n\u00e4her, als Schmetterlinge und L\u00f6wen in deren Gesicht zu zaubern? In Waging wurde man auf Sabine aufmerksam und lud sie zum Marktfest ein, um dort ebenfalls die j\u00fcngere Generation zu bemalen. Wie so oft im Leben: eines kommt zum anderen, aus dem Hobby wird eine Leidenschaft, daraus eine Idee und schlie\u00dflich sp\u00fcrt man so etwas wie eine Berufung und \u201emacht was draus\u201c. Das nennt sich dann heute <a href=\"http:\/\/www.kinderschminken-bodyart.com\">www.kinderschminken-bodyart.com<\/a>.<\/p>\n\n\n\n<p>Sabine reist seither nach Klagenfurt oder mal nach Leipzig und M\u00fcnchen zum Body Forum oder gerne auch mal zur Europameisterschaft nach Amsterdam. Ein Tag in der Galeria Kaufhof ist anstrengend \u2013 25 Kinder in der Stunde, gut 150 am Tag wollen ein Kunstwerk tragen. Ein Schmetterling, ein Tiger, eine Katze, neuerdings gerne auch die Elsa oder einfach glitzernde Fantasie-Welten, andere wiederum nehmen den Bat- oder Spiderman. Da bekommt Body\/Facepainting schon mal eine sportliche Dimension.<\/p>\n\n\n\n<p><strong>Der K\u00f6rper ist die Leinwand<\/strong><\/p>\n\n\n\n<p>Bodypainting, der Name verr\u00e4t es schon, hat viel mit K\u00f6rper zu tun. Unser gr\u00f6\u00dftes Organ, die Haut, ist die Leinwand. Ein kleiner Tanga verh\u00fcllt den letzten Rest der Scham und ansonsten ist von der Achillesferse bis zum Hals oder gar Scheitel der Kreativit\u00e4t keine Grenze gesetzt. Bei einem Festival wie in Klagenfurt gibt es daher nunmehr auch eine Vielzahl von Kategorien in denen die Preise f\u00fcr die Besten der Besten ausgelobt werden: Pinsel\/Schwamm konkurrieren gegen die Airbrush Technik. Es gibt Special-Effects, bei der auch mit Latex Applikationen gearbeitet wird, ebenso wie die Unterscheidung zwischen Body- und Facepainting Wettbewerb. Last but not least erlaubt die sogenannte \u201eoffene Kategorie\u201c eine Mischung aller Techniken und Stilarten, w\u00e4hrend der Wettbewerb \u201eUV\u201c nur unter Schwarzlicht seine besondere Wirkung entfaltet und die K\u00f6rper auf der finsteren B\u00fchne durch den Raum zu schweben scheinen. Magic.<\/p>\n\n\n\n<p>Bunte Messen ziehen manches Mal auch buntes Publikum. W\u00e4hrend der Gro\u00dfteil der Aussteller, K\u00fcnstler, Besucher und Interessenten sich am Thema Kunst orientieren, gibt es immer wieder einige ganz wenige Voyeure, die ihre Betrachtung nur auf die ersten Minuten der Malerei konzentrieren. \u201eDas alles hat \u00fcberhaupt nichts mit Sexismus oder \u00e4hnlichem zu tun\u201c, unterstreicht Sabine Mayer das Thema. Spanner oder \u00e4hnliche seltene Randerscheinungen werden schnell erkannt und wenn es sein muss entsprechend ermahnt. \u201eDie Modells schl\u00fcpfen in eine Rolle, sie f\u00fchlen sich durch die Bemalung keineswegs nackt, im Gegenteil\u201c, erkl\u00e4rt sie die Motivation der Vielzahl von m\u00e4nnlichen und weiblichen \u201elebenden Leinw\u00e4nden\u201c, die auch gerne mal den ganzen Tag \u00fcbers Festival Gel\u00e4nde schlendern.<\/p>\n\n\n\n<p><strong>Mein Bauch \u2013 mein Gem\u00e4lde<\/strong><\/p>\n\n\n\n<p>Gerne genommen wird die K\u00f6rperbemalung auch bei schwangeren Frauen. Conny W. aus Traunstein hat sich, kurz vor der Geburt, f\u00fcr ein solches Erlebnis entschieden. Erstmals gibt sie Ihren Bauch frei, bespricht sich kurz \u00fcber die Motivw\u00fcnsche und \u2013vorschl\u00e4ge mit Sabine Mayer und harrt geduldig eine gute Stunde aus, bis das Kunstwerk fertig ist. Sind es bei Painting Auftr\u00e4gen in der M\u00fcnchner Innenstadt die leuchtenden Kinderaugen und die \u201eAh\u00b4s und Oh\u00b4s\u201c der Kleinen, so ist auch der Gl\u00fccksmoment einer werdenden Mutter und das geschaffene Kunstwerke auf einem schwangeren Bauchs sind Erfahrungen, die die sympathische zweifache Mutter aus Waging nicht missen m\u00f6chte.<\/p>\n\n\n\n<p>Conny beschreibt kurz darauf ihre Gef\u00fchle mit einer Mischung aus Neugier, Experimentierfreude. Der anschlie\u00dfende Zuspruch in der Familie oder auch im sozialen Netz, als zwei Fotos der kleinen, s\u00fc\u00dfen Eulenfamilie auf Connys Bauch f\u00fcr Aufmerksamkeit sorgen, f\u00fchrt laut Conny vor allem zu einem: Stolz auf dieses kleine, sch\u00f6ne, aber doch auch irgendwie nur tempor\u00e4re Kunstwerk. Im O-Ton klingt das so: \u201eDer Riesenbauch, der ja mittlerweile schon eher zur Belastung wird, ist pl\u00f6tzlich die Leinwand f\u00fcr das wichtigste was man im Leben hat, die Kinder und der Partner! Und pl\u00f6tzlich ist der Bauch gar keine Last mehr sondern ich bin super stolz das ich ihn habe.\u201c<\/p>\n\n\n\n<figure class=\"wp-block-image size-large\"><img loading=\"lazy\" decoding=\"async\" width=\"960\" height=\"720\" src=\"https:\/\/www.udomittendrin.de\/udomittendrin\/wordpress\/wp-content\/uploads\/2020\/07\/bodypainting_bycUdokah.de-4697.jpg\" alt=\"\" class=\"wp-image-515\" srcset=\"https:\/\/www.udomittendrin.de\/udomittendrin\/wordpress\/wp-content\/uploads\/2020\/07\/bodypainting_bycUdokah.de-4697.jpg 960w, https:\/\/www.udomittendrin.de\/udomittendrin\/wordpress\/wp-content\/uploads\/2020\/07\/bodypainting_bycUdokah.de-4697-300x225.jpg 300w, https:\/\/www.udomittendrin.de\/udomittendrin\/wordpress\/wp-content\/uploads\/2020\/07\/bodypainting_bycUdokah.de-4697-768x576.jpg 768w\" sizes=\"auto, (max-width: 960px) 100vw, 960px\" \/><\/figure>\n\n\n\n<p>Auch der kleine Sohn freut sich sehr \u201eam Haus seines Br\u00fcderchens\/Schwesterchen\u201c, er konnte sich nach Aussage von Conny gar nicht sattsehen am Motiv der kleinen Eulenfamilie und gl\u00e4nzende Kinderaugen sind nun einmal eine ganz besonders wertvolle W\u00e4hrung.<\/p>\n\n\n\n<p>So kommt es, wie es kommen muss, wenn etwas mit Leidenschaft betrieben wird. Der Funke springt, das Feuer ist entfacht, Begeisterung macht sich breit. So auch bei Paula Luna (Enkelin des Autors \/ und mittlerweile Fotomodell f\u00fcr Schmuck von Gallmayer) und Hanna (Tochter von Sabine) an diesem Tag. Beide Kinder (3 und 11) bekommen sozusagen noch als Zugabe eine kleine Gesichtsbemalung und strahlen nach knapp zehn Minuten vom einen Ohr zum anderen. Gl\u00fcckliche Kinder. Es ist \u00fcberliefert, dass Paula beim Zugbettgehen ihrer Mutter klagte: \u201eich wei\u00df gar nicht wie ich mich hinlegen soll, damit die Farbe nicht abgeht\u201c. Das sind jetzt aber mal echte neuzeitliche Bodypainting Sorgen. Mehr Infos: <a href=\"http:\/\/www.kinderschminken-bodyart.com\">www.kinderschminken-bodyart.com<\/a> aber auch auf <a href=\"https:\/\/deref-web-02.de\/mail\/client\/EVGkY4ZLJTo\/dereferrer\/?redirectUrl=http:\/\/www.bodypainting-festival.n2g33.com\/l7ra1d5v-c38wqo0j-mrykqdqe-g2r%22%20%5Co%20%22www.bodypainting-festival.com%22%20%5Ct%20%22_blank\"><strong>www.bodypainting-festival.com<\/strong><\/a> (World Festival Klagenfurt) oder <a href=\"http:\/\/www.skinpainter.de\">http:\/\/www.skinpainter.de<\/a> (eine Website aus Grassau, die sich dem Thema leidenschaftlich widmet).<\/p>\n\n\n\n<figure class=\"wp-block-image size-large\"><img loading=\"lazy\" decoding=\"async\" width=\"1024\" height=\"683\" src=\"https:\/\/www.udomittendrin.de\/udomittendrin\/wordpress\/wp-content\/uploads\/2020\/07\/bodypainting_bycUdokah.de-4718-1024x683.jpg\" alt=\"\" class=\"wp-image-516\" srcset=\"https:\/\/www.udomittendrin.de\/udomittendrin\/wordpress\/wp-content\/uploads\/2020\/07\/bodypainting_bycUdokah.de-4718-1024x683.jpg 1024w, https:\/\/www.udomittendrin.de\/udomittendrin\/wordpress\/wp-content\/uploads\/2020\/07\/bodypainting_bycUdokah.de-4718-300x200.jpg 300w, https:\/\/www.udomittendrin.de\/udomittendrin\/wordpress\/wp-content\/uploads\/2020\/07\/bodypainting_bycUdokah.de-4718-768x512.jpg 768w, https:\/\/www.udomittendrin.de\/udomittendrin\/wordpress\/wp-content\/uploads\/2020\/07\/bodypainting_bycUdokah.de-4718.jpg 1080w\" sizes=\"auto, (max-width: 1024px) 100vw, 1024px\" \/><\/figure>\n\n\n\n<p>2020 findet\/fand das Body Painting Festival im Juli eingeschr\u00e4nkt statt: mehr Infos &#8211;&gt;  <a href=\"https:\/\/bodypainting-festival.com\/de\/teilnehmer\/artists\/covid-edition\">hier<\/a> <\/p>\n\n\n\n<p>*** \u00a9 Udo Kewitsch \/ Zeichen 8332 \/ Zeilen 111 ***<\/p>\n","protected":false},"excerpt":{"rendered":"<p>Auf den Spuren der Indianer Von der H\u00f6hlenmalerei zum Bodypainting Es gibt so viele neuzeitliche Trends und Str\u00f6mungen. Man gibt den Dingen einen neuen Namen und manch einer glaubt tats\u00e4chlich hinter der hippen Bezeichnung steht etwas noch nie dagewesenes. Beispiel gef\u00e4llig? Der Duden hat j\u00fcngst 5000 (in Worten: f\u00fcnftausend!) neue W\u00f6rter in sein Standardwerk aufgenommen. [&hellip;]<\/p>\n","protected":false},"author":1,"featured_media":515,"comment_status":"open","ping_status":"open","sticky":false,"template":"","format":"standard","meta":{"_monsterinsights_skip_tracking":false,"_monsterinsights_sitenote_active":false,"_monsterinsights_sitenote_note":"","_monsterinsights_sitenote_category":0,"footnotes":""},"categories":[5,4],"tags":[101,100,99,103],"class_list":["post-511","post","type-post","status-publish","format-standard","has-post-thumbnail","hentry","category-foto","category-theater","tag-art","tag-body","tag-bodypainting","tag-kunst"],"_links":{"self":[{"href":"https:\/\/www.udomittendrin.de\/udomittendrin\/wordpress\/wp-json\/wp\/v2\/posts\/511","targetHints":{"allow":["GET"]}}],"collection":[{"href":"https:\/\/www.udomittendrin.de\/udomittendrin\/wordpress\/wp-json\/wp\/v2\/posts"}],"about":[{"href":"https:\/\/www.udomittendrin.de\/udomittendrin\/wordpress\/wp-json\/wp\/v2\/types\/post"}],"author":[{"embeddable":true,"href":"https:\/\/www.udomittendrin.de\/udomittendrin\/wordpress\/wp-json\/wp\/v2\/users\/1"}],"replies":[{"embeddable":true,"href":"https:\/\/www.udomittendrin.de\/udomittendrin\/wordpress\/wp-json\/wp\/v2\/comments?post=511"}],"version-history":[{"count":2,"href":"https:\/\/www.udomittendrin.de\/udomittendrin\/wordpress\/wp-json\/wp\/v2\/posts\/511\/revisions"}],"predecessor-version":[{"id":517,"href":"https:\/\/www.udomittendrin.de\/udomittendrin\/wordpress\/wp-json\/wp\/v2\/posts\/511\/revisions\/517"}],"wp:featuredmedia":[{"embeddable":true,"href":"https:\/\/www.udomittendrin.de\/udomittendrin\/wordpress\/wp-json\/wp\/v2\/media\/515"}],"wp:attachment":[{"href":"https:\/\/www.udomittendrin.de\/udomittendrin\/wordpress\/wp-json\/wp\/v2\/media?parent=511"}],"wp:term":[{"taxonomy":"category","embeddable":true,"href":"https:\/\/www.udomittendrin.de\/udomittendrin\/wordpress\/wp-json\/wp\/v2\/categories?post=511"},{"taxonomy":"post_tag","embeddable":true,"href":"https:\/\/www.udomittendrin.de\/udomittendrin\/wordpress\/wp-json\/wp\/v2\/tags?post=511"}],"curies":[{"name":"wp","href":"https:\/\/api.w.org\/{rel}","templated":true}]}}