{"id":488,"date":"2020-06-14T19:14:03","date_gmt":"2020-06-14T17:14:03","guid":{"rendered":"https:\/\/www.udomittendrin.de\/udomittendrin\/wordpress\/?p=488"},"modified":"2020-06-14T19:14:03","modified_gmt":"2020-06-14T17:14:03","slug":"john-mayall","status":"publish","type":"post","link":"https:\/\/www.udomittendrin.de\/udomittendrin\/wordpress\/2020\/06\/14\/john-mayall\/","title":{"rendered":"john mayall"},"content":{"rendered":"\n<p><strong>\u00dcberzeugend &#8211; John Mayall im Salzburger Republic<\/strong><\/p>\n\n\n\n<h2 class=\"wp-block-heading\">Der alte Mann und der wei\u00dfe Blues<\/h2>\n\n\n\n<p>Schnabeltasse und Rollator? Der eine oder andere aus dem Jahrgang 1933 mag davon betroffen sein. Nicht aber John Mayall (29.11.1933), der alte wei\u00dfe Mann aus Gro\u00dfbritannien. Jener und seine Band war zu Gast in Salzburg und boten ein \u00fcberzeugendes Konzert im ausverkauften Republic. Rock\u00b4n Roll oder auch der gute alte Blues sind keine Frage des Alters, im Gegenteil wie man unschwer an den Stones aber eben auch an John Mayall erkennen kann.\u00a0<\/p>\n\n\n\n<figure class=\"wp-block-image size-large\"><img loading=\"lazy\" decoding=\"async\" width=\"1024\" height=\"683\" src=\"https:\/\/www.udomittendrin.de\/udomittendrin\/wordpress\/wp-content\/uploads\/2020\/06\/Mayall_bycUdokah.de-7345-1024x683.jpg\" alt=\"\" class=\"wp-image-490\" srcset=\"https:\/\/www.udomittendrin.de\/udomittendrin\/wordpress\/wp-content\/uploads\/2020\/06\/Mayall_bycUdokah.de-7345-1024x683.jpg 1024w, https:\/\/www.udomittendrin.de\/udomittendrin\/wordpress\/wp-content\/uploads\/2020\/06\/Mayall_bycUdokah.de-7345-300x200.jpg 300w, https:\/\/www.udomittendrin.de\/udomittendrin\/wordpress\/wp-content\/uploads\/2020\/06\/Mayall_bycUdokah.de-7345-768x512.jpg 768w, https:\/\/www.udomittendrin.de\/udomittendrin\/wordpress\/wp-content\/uploads\/2020\/06\/Mayall_bycUdokah.de-7345.jpg 1080w\" sizes=\"auto, (max-width: 1024px) 100vw, 1024px\" \/><\/figure>\n\n\n\n<p>Sein erstes Konzert 1950 (!) war der Beginn einer bis heute andauernden Karriere, 1962 erblickte das \u201eBlues Syndikat\u201c das Licht der Welt und erlebte 1963 eine Neuformation unter dem Namen \u201eBluesbrakers\u201c Zahlreiche namhafte Musiker gaben sich hier die Instrumente in die Hand: Eric Clapton, Peter Green, John McVie (Fleetwood Mac) aber auch Mick Taylor der Nachfolger des verstorbenen Stones Gitarristen Brian Jones.<\/p>\n\n\n\n<p>So mag es wenig verwundern, wenn John Mayall mit nahezu jugendlichem Schwung die B\u00fchne betritt und unvermittelt seine selbstgebaute Gitarre ergreift und den ersten Blues Riff nach vorne peitscht. Die Band von der ersten Sekunde an mittendrin im Geschehen.<\/p>\n\n\n\n<figure class=\"wp-block-image size-large\"><img loading=\"lazy\" decoding=\"async\" width=\"1024\" height=\"683\" src=\"https:\/\/www.udomittendrin.de\/udomittendrin\/wordpress\/wp-content\/uploads\/2020\/06\/Mayall_bycUdokah.de-7373-1024x683.jpg\" alt=\"\" class=\"wp-image-491\" srcset=\"https:\/\/www.udomittendrin.de\/udomittendrin\/wordpress\/wp-content\/uploads\/2020\/06\/Mayall_bycUdokah.de-7373-1024x683.jpg 1024w, https:\/\/www.udomittendrin.de\/udomittendrin\/wordpress\/wp-content\/uploads\/2020\/06\/Mayall_bycUdokah.de-7373-300x200.jpg 300w, https:\/\/www.udomittendrin.de\/udomittendrin\/wordpress\/wp-content\/uploads\/2020\/06\/Mayall_bycUdokah.de-7373-768x512.jpg 768w, https:\/\/www.udomittendrin.de\/udomittendrin\/wordpress\/wp-content\/uploads\/2020\/06\/Mayall_bycUdokah.de-7373.jpg 1080w\" sizes=\"auto, (max-width: 1024px) 100vw, 1024px\" \/><\/figure>\n\n\n\n<p>Der charismatische und \u00fcberaus coole Bassist Greg Rzab ist eine Show f\u00fcr sich. Scheinbar unbeeindruckt vom Treiben um ihn herum, streichelt er seine abgenutzte hellblaue Bassgitarre derart sanft als k\u00f6nne jeden Moment die Saite rei\u00dfen, kurz darauf \u2013 die Coolness bleibt unver\u00e4ndert auf Gefrierniveau \u2013 h\u00e4mmert er auf die vier Bass-Str\u00e4nge als gelte es selbige in das Holz des Gitarrenhalses zu treiben. Gelegentlich gelingt dem Mann aus Chicago auch ein \u00e4u\u00dferst l\u00e4ssiger Grinser, musikalisch bleibt er so oder so \u00fcber jeden Zweifel erhaben. Ein Genuss.<\/p>\n\n\n\n<figure class=\"wp-block-image size-large\"><img loading=\"lazy\" decoding=\"async\" width=\"1024\" height=\"683\" src=\"https:\/\/www.udomittendrin.de\/udomittendrin\/wordpress\/wp-content\/uploads\/2020\/06\/Mayall_bycUdokah.de-7374-1024x683.jpg\" alt=\"\" class=\"wp-image-492\" srcset=\"https:\/\/www.udomittendrin.de\/udomittendrin\/wordpress\/wp-content\/uploads\/2020\/06\/Mayall_bycUdokah.de-7374-1024x683.jpg 1024w, https:\/\/www.udomittendrin.de\/udomittendrin\/wordpress\/wp-content\/uploads\/2020\/06\/Mayall_bycUdokah.de-7374-300x200.jpg 300w, https:\/\/www.udomittendrin.de\/udomittendrin\/wordpress\/wp-content\/uploads\/2020\/06\/Mayall_bycUdokah.de-7374-768x512.jpg 768w, https:\/\/www.udomittendrin.de\/udomittendrin\/wordpress\/wp-content\/uploads\/2020\/06\/Mayall_bycUdokah.de-7374.jpg 1080w\" sizes=\"auto, (max-width: 1024px) 100vw, 1024px\" \/><\/figure>\n\n\n\n<p>Das Schwergewicht Jay Davenport an den Drums \u00fcberzeugt ebenfalls durch vollen Einsatz. Seine Schie\u00dfbude wackelt stet, die Felle halten, der Rhythmus ist grandios und auch die zwei Soloeinlagen zeigen eindrucksvoll: hier ist der Profi unterwegs.<\/p>\n\n\n\n<p>Rocky Athas an der Gitarre, der kantige Texaner, dr\u00e4ngt sich nicht nach vorne, das \u00fcberl\u00e4sst er vielmehr seiner Gitarre. Peitschend und auch hier \u00e4u\u00dferst beeindruckend, besonders wenn die diversen Solis mit den Songs verschmelzen.<\/p>\n\n\n\n<figure class=\"wp-block-image size-large\"><img loading=\"lazy\" decoding=\"async\" width=\"1024\" height=\"683\" src=\"https:\/\/www.udomittendrin.de\/udomittendrin\/wordpress\/wp-content\/uploads\/2020\/06\/Mayall_bycUdokah.de-7415-1024x683.jpg\" alt=\"\" class=\"wp-image-493\" srcset=\"https:\/\/www.udomittendrin.de\/udomittendrin\/wordpress\/wp-content\/uploads\/2020\/06\/Mayall_bycUdokah.de-7415-1024x683.jpg 1024w, https:\/\/www.udomittendrin.de\/udomittendrin\/wordpress\/wp-content\/uploads\/2020\/06\/Mayall_bycUdokah.de-7415-300x200.jpg 300w, https:\/\/www.udomittendrin.de\/udomittendrin\/wordpress\/wp-content\/uploads\/2020\/06\/Mayall_bycUdokah.de-7415-768x512.jpg 768w, https:\/\/www.udomittendrin.de\/udomittendrin\/wordpress\/wp-content\/uploads\/2020\/06\/Mayall_bycUdokah.de-7415.jpg 1080w\" sizes=\"auto, (max-width: 1024px) 100vw, 1024px\" \/><\/figure>\n\n\n\n<p>John Mayall selbst unaufdringlich und doch sehr pr\u00e4sent. Mal an der Gitarre, mal an einem seiner zwei Keyboards und immer wieder mit der Blues-Harp, der er reinste Blues Symphonien entlockt. So geht das Konzert seinen Gang, der Gesang von John Mayall geh\u00f6rt sicher nicht in die Kategorie \u201eBeste Stimme\u201c, aber darum geht es auch nicht. Im Vordergrund steht der experimentelle Blues, die teilweise episch werdenden St\u00fccke und Sequenzen, die Fusion der Instrumente. Jeweils gro\u00dfer Applaus als \u201eCalifornia\u201c oder \u201eHelp me\u201c, das ber\u00fchmte \u201eRoom to move\u201c oder zuvor der markante \u201eTurning point\u201c angek\u00fcndigt wird. Der alte wei\u00dfe Mann hat den Blues nach Europa geholt, ihm eine nachhaltige Pr\u00e4gung verschafft, insofern war das Konzert im Salzburger Republic auch ein St\u00fcck Zeitgeschichte, der Gastspieler am Saxophon nochmals ein wertvoller Bonus. Von wegen Rollator und Schnabeltasse. Sauberer, handwerklich perfekter Blues auf h\u00f6chstem Niveau.<\/p>\n\n\n\n<p>*** \u00a9 Udo Kewitsch, Zeichen 3156, Zeilen 47 &nbsp; ***<\/p>\n","protected":false},"excerpt":{"rendered":"<p>\u00dcberzeugend &#8211; John Mayall im Salzburger Republic Der alte Mann und der wei\u00dfe Blues Schnabeltasse und Rollator? Der eine oder andere aus dem Jahrgang 1933 mag davon betroffen sein. Nicht aber John Mayall (29.11.1933), der alte wei\u00dfe Mann aus Gro\u00dfbritannien. Jener und seine Band war zu Gast in Salzburg und boten ein \u00fcberzeugendes Konzert im [&hellip;]<\/p>\n","protected":false},"author":1,"featured_media":492,"comment_status":"open","ping_status":"open","sticky":false,"template":"","format":"standard","meta":{"_monsterinsights_skip_tracking":false,"_monsterinsights_sitenote_active":false,"_monsterinsights_sitenote_note":"","_monsterinsights_sitenote_category":0,"footnotes":""},"categories":[3],"tags":[92,90],"class_list":["post-488","post","type-post","status-publish","format-standard","has-post-thumbnail","hentry","category-concerte","tag-john-mayall","tag-konzert"],"_links":{"self":[{"href":"https:\/\/www.udomittendrin.de\/udomittendrin\/wordpress\/wp-json\/wp\/v2\/posts\/488","targetHints":{"allow":["GET"]}}],"collection":[{"href":"https:\/\/www.udomittendrin.de\/udomittendrin\/wordpress\/wp-json\/wp\/v2\/posts"}],"about":[{"href":"https:\/\/www.udomittendrin.de\/udomittendrin\/wordpress\/wp-json\/wp\/v2\/types\/post"}],"author":[{"embeddable":true,"href":"https:\/\/www.udomittendrin.de\/udomittendrin\/wordpress\/wp-json\/wp\/v2\/users\/1"}],"replies":[{"embeddable":true,"href":"https:\/\/www.udomittendrin.de\/udomittendrin\/wordpress\/wp-json\/wp\/v2\/comments?post=488"}],"version-history":[{"count":2,"href":"https:\/\/www.udomittendrin.de\/udomittendrin\/wordpress\/wp-json\/wp\/v2\/posts\/488\/revisions"}],"predecessor-version":[{"id":494,"href":"https:\/\/www.udomittendrin.de\/udomittendrin\/wordpress\/wp-json\/wp\/v2\/posts\/488\/revisions\/494"}],"wp:featuredmedia":[{"embeddable":true,"href":"https:\/\/www.udomittendrin.de\/udomittendrin\/wordpress\/wp-json\/wp\/v2\/media\/492"}],"wp:attachment":[{"href":"https:\/\/www.udomittendrin.de\/udomittendrin\/wordpress\/wp-json\/wp\/v2\/media?parent=488"}],"wp:term":[{"taxonomy":"category","embeddable":true,"href":"https:\/\/www.udomittendrin.de\/udomittendrin\/wordpress\/wp-json\/wp\/v2\/categories?post=488"},{"taxonomy":"post_tag","embeddable":true,"href":"https:\/\/www.udomittendrin.de\/udomittendrin\/wordpress\/wp-json\/wp\/v2\/tags?post=488"}],"curies":[{"name":"wp","href":"https:\/\/api.w.org\/{rel}","templated":true}]}}