{"id":1255,"date":"2026-01-24T20:16:07","date_gmt":"2026-01-24T19:16:07","guid":{"rendered":"https:\/\/www.udomittendrin.de\/udomittendrin\/wordpress\/?p=1255"},"modified":"2026-01-24T20:16:26","modified_gmt":"2026-01-24T19:16:26","slug":"auf-a-wort","status":"publish","type":"post","link":"https:\/\/www.udomittendrin.de\/udomittendrin\/wordpress\/2026\/01\/24\/auf-a-wort\/","title":{"rendered":"\u201eAuf A Wort\u201c"},"content":{"rendered":"\n<p>Stimmungsvolles S.T.S. Konzert im Rosenheimer Ballhaus<\/p>\n\n\n\n<p>Wer kennt sie nicht: \u201eF\u00fcrstenfeld\u201c, \u201eGro\u00dfvater\u201c und \u201eIrgendwann bleib i dann dort\u201c sind St\u00fcck Musikgeschichte pur. Von 1978 bis 2014 schrieb die Band S.T.S aus der Steiermark nicht nur diese Ohrw\u00fcrmer, sondern viele weitere Hits. Die Band \u201eAuf A Wort\u201c aus dem Chiemgau gr\u00fcndete sich 2008 und spielte seither auf \u00fcber 450 Konzerten das Repertoire der des Trios Steinb\u00e4cker, Timischl und Schiffkowitz. Schuster (Peter, Gitarre, Mundharmonika), Rasch (Mathias, Gitarre) und Huber (Chris, Gitarre, E-Gitarre) kn\u00fcpfen nahtlos an den Sound und Charme der \u00d6sterreicher an und zelebrieren Austro Pop auf eine sehr authentische Art und Weise \u2013 so auch am vergangenen Freitag im wundervollen Ballhaus von Rosenheim.<\/p>\n\n\n\n<figure class=\"wp-block-image size-full\"><img loading=\"lazy\" decoding=\"async\" width=\"1024\" height=\"680\" src=\"https:\/\/www.udomittendrin.de\/udomittendrin\/wordpress\/wp-content\/uploads\/2026\/01\/AufAWort1.jpg\" alt=\"\" class=\"wp-image-1257\" srcset=\"https:\/\/www.udomittendrin.de\/udomittendrin\/wordpress\/wp-content\/uploads\/2026\/01\/AufAWort1.jpg 1024w, https:\/\/www.udomittendrin.de\/udomittendrin\/wordpress\/wp-content\/uploads\/2026\/01\/AufAWort1-300x199.jpg 300w, https:\/\/www.udomittendrin.de\/udomittendrin\/wordpress\/wp-content\/uploads\/2026\/01\/AufAWort1-768x510.jpg 768w, https:\/\/www.udomittendrin.de\/udomittendrin\/wordpress\/wp-content\/uploads\/2026\/01\/AufAWort1-508x337.jpg 508w\" sizes=\"auto, (max-width: 1024px) 100vw, 1024px\" \/><\/figure>\n\n\n\n<p>Die Moderation ist launig humorvoll, mit einem Schuss Selbstironie, die Palette der Songs umfassend. Nicht weniger als 26 Hits werden den dankbaren G\u00e4sten an diesem Abend serviert und die zwei Zugaben gab es noch on Top. Standing Ovation und ein Publikum, dass es am Ende der Show nicht mehr auf den Pl\u00e4tzen hielt waren das Ergebnis einer astreinen musikalischen Darbietung. Das Trio Schuster\/Rasch\/Huber wird erg\u00e4nzt durch Martin Zunhammer, der am Keybord oder dem Akkordeon das steirische rauskitzelt, Bernhard Schmied ist der Ruhepol am Bass und Robert Ertl zelebriert sein eindrucksvolles K\u00f6nnen am Schlagzeug. Auch wenn Mathias Rasch der Meinung war, die Drums zerst\u00f6ren so manchen Song \u2013 Ertl wusste das Gegenteil zu beweisen. Chapeau, die Herren.<\/p>\n\n\n\n<figure class=\"wp-block-image size-full\"><img loading=\"lazy\" decoding=\"async\" width=\"950\" height=\"680\" src=\"https:\/\/www.udomittendrin.de\/udomittendrin\/wordpress\/wp-content\/uploads\/2026\/01\/AufAWort3.jpg\" alt=\"\" class=\"wp-image-1259\" srcset=\"https:\/\/www.udomittendrin.de\/udomittendrin\/wordpress\/wp-content\/uploads\/2026\/01\/AufAWort3.jpg 950w, https:\/\/www.udomittendrin.de\/udomittendrin\/wordpress\/wp-content\/uploads\/2026\/01\/AufAWort3-300x215.jpg 300w, https:\/\/www.udomittendrin.de\/udomittendrin\/wordpress\/wp-content\/uploads\/2026\/01\/AufAWort3-768x550.jpg 768w, https:\/\/www.udomittendrin.de\/udomittendrin\/wordpress\/wp-content\/uploads\/2026\/01\/AufAWort3-508x364.jpg 508w\" sizes=\"auto, (max-width: 950px) 100vw, 950px\" \/><\/figure>\n\n\n\n<p>Die Setlist liest sich wie eine Art Best of S.T.S., neben altbekannten Hits haben mich vor allem die Songs \u201eSinnlos, aber sch\u00f6n\u201c und \u201eKa Zeit mehr\u201c abgeholt, im zweiten Teil schaffte die Interpretation von \u201eDas Boot ist voll\u201c aus dem Album \u201eVolle Kraft\u201c eine positive Kraft und Wucht, die aufs Publikum \u00fcbersprang.<\/p>\n\n\n\n<p>Kurzum: Es gibt wenig Gr\u00fcnde die musikalische Abwesenheit von S.T.S. zu bedauern, seit die Jungs von Auf A Wort diese L\u00fccke charismatisch f\u00fcllen, deren Liedgut bewahren und auf die B\u00fchnen von Deutschland und \u00d6sterreich bringen. Ein Wiedersehen im Rosenheimer Ballsaal wird es beim Weihnachtskonzert von Auf A Wort am 13.Dezember 2026 geben. \u201eF\u00fcrstenfeld\u201c, \u201eGro\u00dfvater\u201c, und \u201eIrgendwann bleib i dann dort\u201c werden auch dann ein Teil der gro\u00dfartigen Musikgeschichte sein.<\/p>\n\n\n\n<figure class=\"wp-block-image size-full\"><img loading=\"lazy\" decoding=\"async\" width=\"950\" height=\"680\" src=\"https:\/\/www.udomittendrin.de\/udomittendrin\/wordpress\/wp-content\/uploads\/2026\/01\/AufAWort2.jpg\" alt=\"\" class=\"wp-image-1258\" srcset=\"https:\/\/www.udomittendrin.de\/udomittendrin\/wordpress\/wp-content\/uploads\/2026\/01\/AufAWort2.jpg 950w, https:\/\/www.udomittendrin.de\/udomittendrin\/wordpress\/wp-content\/uploads\/2026\/01\/AufAWort2-300x215.jpg 300w, https:\/\/www.udomittendrin.de\/udomittendrin\/wordpress\/wp-content\/uploads\/2026\/01\/AufAWort2-768x550.jpg 768w, https:\/\/www.udomittendrin.de\/udomittendrin\/wordpress\/wp-content\/uploads\/2026\/01\/AufAWort2-508x364.jpg 508w\" sizes=\"auto, (max-width: 950px) 100vw, 950px\" \/><\/figure>\n\n\n\n<p>*** \u00a9 udo kewitsch**<\/p>\n\n\n\n<p>Zeilen 2308<\/p>\n\n\n\n<p>Zeichen 33<\/p>\n\n\n\n<p>17.1.26 ***<\/p>\n","protected":false},"excerpt":{"rendered":"<p>Stimmungsvolles S.T.S. Konzert im Rosenheimer Ballhaus Wer kennt sie nicht: \u201eF\u00fcrstenfeld\u201c, \u201eGro\u00dfvater\u201c und \u201eIrgendwann bleib i dann dort\u201c sind St\u00fcck Musikgeschichte pur. Von 1978 bis 2014 schrieb die Band S.T.S aus der Steiermark nicht nur diese Ohrw\u00fcrmer, sondern viele weitere Hits. Die Band \u201eAuf A Wort\u201c aus dem Chiemgau gr\u00fcndete sich 2008 und spielte seither [&hellip;]<\/p>\n","protected":false},"author":1,"featured_media":1258,"comment_status":"open","ping_status":"open","sticky":false,"template":"","format":"standard","meta":{"_monsterinsights_skip_tracking":false,"_monsterinsights_sitenote_active":false,"_monsterinsights_sitenote_note":"","_monsterinsights_sitenote_category":0,"footnotes":""},"categories":[3],"tags":[305,203,91,90,32,306],"class_list":["post-1255","post","type-post","status-publish","format-standard","has-post-thumbnail","hentry","category-concerte","tag-aufawort","tag-ballhaus","tag-concert","tag-konzert","tag-rosenheim","tag-s-t-s"],"_links":{"self":[{"href":"https:\/\/www.udomittendrin.de\/udomittendrin\/wordpress\/wp-json\/wp\/v2\/posts\/1255","targetHints":{"allow":["GET"]}}],"collection":[{"href":"https:\/\/www.udomittendrin.de\/udomittendrin\/wordpress\/wp-json\/wp\/v2\/posts"}],"about":[{"href":"https:\/\/www.udomittendrin.de\/udomittendrin\/wordpress\/wp-json\/wp\/v2\/types\/post"}],"author":[{"embeddable":true,"href":"https:\/\/www.udomittendrin.de\/udomittendrin\/wordpress\/wp-json\/wp\/v2\/users\/1"}],"replies":[{"embeddable":true,"href":"https:\/\/www.udomittendrin.de\/udomittendrin\/wordpress\/wp-json\/wp\/v2\/comments?post=1255"}],"version-history":[{"count":2,"href":"https:\/\/www.udomittendrin.de\/udomittendrin\/wordpress\/wp-json\/wp\/v2\/posts\/1255\/revisions"}],"predecessor-version":[{"id":1260,"href":"https:\/\/www.udomittendrin.de\/udomittendrin\/wordpress\/wp-json\/wp\/v2\/posts\/1255\/revisions\/1260"}],"wp:featuredmedia":[{"embeddable":true,"href":"https:\/\/www.udomittendrin.de\/udomittendrin\/wordpress\/wp-json\/wp\/v2\/media\/1258"}],"wp:attachment":[{"href":"https:\/\/www.udomittendrin.de\/udomittendrin\/wordpress\/wp-json\/wp\/v2\/media?parent=1255"}],"wp:term":[{"taxonomy":"category","embeddable":true,"href":"https:\/\/www.udomittendrin.de\/udomittendrin\/wordpress\/wp-json\/wp\/v2\/categories?post=1255"},{"taxonomy":"post_tag","embeddable":true,"href":"https:\/\/www.udomittendrin.de\/udomittendrin\/wordpress\/wp-json\/wp\/v2\/tags?post=1255"}],"curies":[{"name":"wp","href":"https:\/\/api.w.org\/{rel}","templated":true}]}}