{"id":122,"date":"2020-01-02T20:18:26","date_gmt":"2020-01-02T19:18:26","guid":{"rendered":"https:\/\/www.udomittendrin.de\/udomittendrin\/wordpress\/?p=122"},"modified":"2020-01-02T20:35:27","modified_gmt":"2020-01-02T19:35:27","slug":"victoria-lake","status":"publish","type":"post","link":"https:\/\/www.udomittendrin.de\/udomittendrin\/wordpress\/2020\/01\/02\/victoria-lake\/","title":{"rendered":"Victoria Lake"},"content":{"rendered":"\n<p>Stimmungsvoll im Caf\u00e9 Weinm\u00fcller <\/p>\n\n\n\n<p>Nein, Amy Winehouse lebt nicht mehr. Wobei? Caf\u00e9 Weinm\u00fcller G\u00e4ste werde vergangene Woche einen Moment gestutzt haben, wenn sie mit geschlossenen Augen Victoria Lake lauschten. Amy Winehouse war wieder unter uns, zumindest stimmlich. Was f\u00fcr eine Stimme, was f\u00fcr ein sch\u00f6ner Auftritt. Doch von vorne.<\/p>\n\n\n\n<p>Im\nvollbesetzten Weinm\u00fcller zeigten sich Victoria Lake (facettenreich am\nMikrofon), Wolfgang Wiedemann (souver\u00e4n am Piano) und Daniel Stockhammer\n(feinf\u00fchlig am Schlagzeug) von ihrer besten Seite. Victoria in bester Laune,\nwenngleich nach eigenem Bekunden mit einem zu engem Kleid am Start. Das\nmusikalische Spektrum war breit gestreut. Rock\u00b4n Roll und sch\u00f6ner Soul gaben\nsich die Hand ebenso wie Jazz Elemente dem amerikanischen Sound der sechziger\nJahre folgten. Stimmlich, wie eingangs erw\u00e4hnt, ist Victoria Lake eine Wucht.\nWer die zierliche Victoria auf der B\u00fchne stehen sieht, ahnt nicht, welche Power\neinem gleich zuteil werden wird. Egal ob Elvis Presley oder die durchaus sehr\nschwer zu covernde Nummer \u201eWicked Game\u201c von Chris Isaak, einerlei ob \u201eSeptember\nin the Rain\u201c (Sarah Vaughan) oder \u201eSomeone like you\u201c von Adele, Victoria Lake\ntrifft den Ton, und bleibt dabei dennoch authentisch eigenst\u00e4ndig. <\/p>\n\n\n\n<p>Mein\npers\u00f6nliches Highlight des Abends die Lake Version des immer Klassikers \u201eHouse\nof the Rising Sun\u201c. Lake r\u00e4umt ein \u201eich wei\u00df auch nicht, der Song klingt jedes\nMal anders, aber es kommt so aus mir raus, es geht nicht anders\u201c. So mag es\nsogar sein, dass wir Zeugen einer einzigartigen \u201eHouse of the Rising Sun\u201c\nVersion wurden, die beim n\u00e4chsten Auftritt vielleicht schon wieder um ein paar\nNuancen anders ausf\u00e4llt. <\/p>\n\n\n\n<p>Wolfgang Wiedemann lie\u00df es sich nicht nehmen, seine Pianok\u00fcnste darzubieten und die G\u00e4ste im Weinm\u00fcller waren \u00e4u\u00dferst dankbar, mitunter sogar etwas wehm\u00fctig, wenn sanftere Nummern die Stimmung kurz melancholisch werden lie\u00dfen.<\/p>\n\n\n\n<figure class=\"wp-block-image size-large\"><img loading=\"lazy\" decoding=\"async\" width=\"1024\" height=\"683\" src=\"https:\/\/www.udomittendrin.de\/udomittendrin\/wordpress\/wp-content\/uploads\/2020\/01\/Lake_bycUdo-0079.jpg\" alt=\"\" class=\"wp-image-132\" srcset=\"https:\/\/www.udomittendrin.de\/udomittendrin\/wordpress\/wp-content\/uploads\/2020\/01\/Lake_bycUdo-0079.jpg 1024w, https:\/\/www.udomittendrin.de\/udomittendrin\/wordpress\/wp-content\/uploads\/2020\/01\/Lake_bycUdo-0079-300x200.jpg 300w, https:\/\/www.udomittendrin.de\/udomittendrin\/wordpress\/wp-content\/uploads\/2020\/01\/Lake_bycUdo-0079-768x512.jpg 768w, https:\/\/www.udomittendrin.de\/udomittendrin\/wordpress\/wp-content\/uploads\/2020\/01\/Lake_bycUdo-0079-508x339.jpg 508w\" sizes=\"auto, (max-width: 1024px) 100vw, 1024px\" \/><figcaption>stimmgewaltig: Victoria<\/figcaption><\/figure>\n\n\n\n<p>Alles in\nallem, ein toller Auftritt im Caf\u00e9 Weinm\u00fcller mit einer tollen, sehr\neindrucksvollen Stimme und einer stimmigen Band. Gerne immer wieder.<\/p>\n\n\n\n<p>*** \u00a9 Udo Kewitsch, 01.01.20 \/ Zeichen 2047 &nbsp;\/ Zeilen 31 ***<\/p>\n","protected":false},"excerpt":{"rendered":"<p>Stimmungsvoll im Caf\u00e9 Weinm\u00fcller Nein, Amy Winehouse lebt nicht mehr. Wobei? Caf\u00e9 Weinm\u00fcller G\u00e4ste werde vergangene Woche einen Moment gestutzt haben, wenn sie mit geschlossenen Augen Victoria Lake lauschten. Amy Winehouse war wieder unter uns, zumindest stimmlich. Was f\u00fcr eine Stimme, was f\u00fcr ein sch\u00f6ner Auftritt. Doch von vorne. Im vollbesetzten Weinm\u00fcller zeigten sich Victoria [&hellip;]<\/p>\n","protected":false},"author":1,"featured_media":129,"comment_status":"open","ping_status":"open","sticky":false,"template":"","format":"standard","meta":{"_monsterinsights_skip_tracking":false,"_monsterinsights_sitenote_active":false,"_monsterinsights_sitenote_note":"","_monsterinsights_sitenote_category":0,"footnotes":""},"categories":[3],"tags":[29,28,27,25,26,18],"class_list":["post-122","post","type-post","status-publish","format-standard","has-post-thumbnail","hentry","category-concerte","tag-gesang","tag-piano","tag-rnb","tag-rocknroll","tag-soul","tag-weinmueller"],"_links":{"self":[{"href":"https:\/\/www.udomittendrin.de\/udomittendrin\/wordpress\/wp-json\/wp\/v2\/posts\/122","targetHints":{"allow":["GET"]}}],"collection":[{"href":"https:\/\/www.udomittendrin.de\/udomittendrin\/wordpress\/wp-json\/wp\/v2\/posts"}],"about":[{"href":"https:\/\/www.udomittendrin.de\/udomittendrin\/wordpress\/wp-json\/wp\/v2\/types\/post"}],"author":[{"embeddable":true,"href":"https:\/\/www.udomittendrin.de\/udomittendrin\/wordpress\/wp-json\/wp\/v2\/users\/1"}],"replies":[{"embeddable":true,"href":"https:\/\/www.udomittendrin.de\/udomittendrin\/wordpress\/wp-json\/wp\/v2\/comments?post=122"}],"version-history":[{"count":4,"href":"https:\/\/www.udomittendrin.de\/udomittendrin\/wordpress\/wp-json\/wp\/v2\/posts\/122\/revisions"}],"predecessor-version":[{"id":133,"href":"https:\/\/www.udomittendrin.de\/udomittendrin\/wordpress\/wp-json\/wp\/v2\/posts\/122\/revisions\/133"}],"wp:featuredmedia":[{"embeddable":true,"href":"https:\/\/www.udomittendrin.de\/udomittendrin\/wordpress\/wp-json\/wp\/v2\/media\/129"}],"wp:attachment":[{"href":"https:\/\/www.udomittendrin.de\/udomittendrin\/wordpress\/wp-json\/wp\/v2\/media?parent=122"}],"wp:term":[{"taxonomy":"category","embeddable":true,"href":"https:\/\/www.udomittendrin.de\/udomittendrin\/wordpress\/wp-json\/wp\/v2\/categories?post=122"},{"taxonomy":"post_tag","embeddable":true,"href":"https:\/\/www.udomittendrin.de\/udomittendrin\/wordpress\/wp-json\/wp\/v2\/tags?post=122"}],"curies":[{"name":"wp","href":"https:\/\/api.w.org\/{rel}","templated":true}]}}