{"id":1212,"date":"2025-10-20T19:42:39","date_gmt":"2025-10-20T17:42:39","guid":{"rendered":"https:\/\/www.udomittendrin.de\/udomittendrin\/wordpress\/?p=1212"},"modified":"2025-10-20T20:01:03","modified_gmt":"2025-10-20T18:01:03","slug":"berchtesgaden-carolin-otto","status":"publish","type":"post","link":"https:\/\/www.udomittendrin.de\/udomittendrin\/wordpress\/2025\/10\/20\/berchtesgaden-carolin-otto\/","title":{"rendered":"Berchtesgaden &#8211; Carolin Otto"},"content":{"rendered":"\n<p><strong>Einf\u00fchlsamer Geschichtsunterricht<\/strong><\/p>\n\n\n\n<p>Wir schreiben das Jahr 1945. Der Krieg ist vorbei. Ein Neuanfang steht bevor. Wenn Du dies Buch bzw. die Rezension dazu im Jahre 2025 (bzw. den Folgejahren) hier liest, wirst Du jene Zeit mit hoher Wahrscheinlichkeit nicht mehr erlebt haben, was Carolin Otto so wunderbar in ihrem Roman mit einander verwebt: Fiktion, Wirklichkeit und Geschichte der deutschen Nachkriegszeit.<\/p>\n\n\n\n<p>Die Geschichte von Berchtesgaden in der Nachkriegszeit, vom Wiederaufbau, von der Erneuerung der Demokratie und all den &#8211; f\u00fcr uns heute unvorstellbaren &#8211; Dingen, die es damals, Stunde Null, zu tun gab.<\/p>\n\n\n\n<p>Der Autorin gelingt ein einf\u00fchlsamer Spagat zwischen fiktiver Story und realen Personen, die Symbiose von Romanhandlung und Realgeschichte. Sie erz\u00e4hlt die Liebesgeschichte vom schwarzen GI Sam und der Berchtesgadener Bauerntochter Sophie, skizziert das Leben des real existierenden Charakter Rudolf Kriss, der als B\u00fcrgermeister von BGD die Gesch\u00e4fte ordnen soll. Sie gibt Einblicke in die NS Vergangenheit des Brudes und stellt auch die Amerikaner Meg und den Juden Frank vor. Sie vermittelt pr\u00e4zise und in hoher Erz\u00e4hlkunst die Ereignisse vor, w\u00e4hrend und auch ein St\u00fcckweit nach 1945, ohne anzuklagen, aber auch nicht freisprechend. Der Roman regt zum Nachdenken an und l\u00e4sst Raum f\u00fcr eigene Sichtweise und Interpretation.<\/p>\n\n\n\n<p>Wer vermag sich heutzutage schon vorstellen, wenn alles auf &#8222;reset&#8220; gesetzt ist und man unvermittelt, auch wenn das Kriegsende sich ank\u00fcndigte, sprichw\u00f6rtlich bei einer Stunde Null steht. Wie geht eine Gesellschaft mit sich selbst um, wenn 10, 11, 12 Jahre lang eine Meinung die einzig pr\u00e4gende und mutma\u00dflich lange Zeit f\u00fcr &#8222;alle&#8220; (!?) auch die einzig &#8222;richtig wahre&#8220; war? Wie gelingt den &#8222;Besatzern&#8220; in den ersten Wochen 1945 die Installation einer neuen Ordnung? All diese Fragen erfahren keine abschlie\u00dfende Antwort, aber der Roman &#8222;Berchtesgaden&#8220; arbeitet eben diese Thematik wunderbar auf.<\/p>\n\n\n\n<p>Mit ihren authentischen Protagonisten gelingt Carolin Otto eine sehr sch\u00f6ne Erz\u00e4hlung, eine runde Handlung. Sie leuchtet die Problemzonen, Rassismus, Nationalismus, Kriegshandlung, Kriegsverbrechen und vieles mehr zu jener Zeit sanft aus, ohne sie in grelles meinungsmachendes Licht zu setzen. Sie gibt den Charakteren eine Stimme ohne sie zu verurteilen, aber auch nicht freizusprechen.<\/p>\n\n\n\n<p><strong>Fazit<\/strong>: ein gutes Buch. Geschichte begreifbar machend und fl\u00fcssig erz\u00e4hlt. Fiktive Realit\u00e4t, reale Fiktion. Authentische &#8222;Darsteller&#8220; und bildgewaltiges Gesellschaftspanorama dieser symboltr\u00e4chtigen Zeit: kurzum <strong>Tipp<\/strong>, ***** von 5.<\/p>\n\n\n<div class=\"wp-block-image\">\n<figure class=\"aligncenter size-full\"><img loading=\"lazy\" decoding=\"async\" width=\"378\" height=\"600\" src=\"https:\/\/www.udomittendrin.de\/udomittendrin\/wordpress\/wp-content\/uploads\/2025\/10\/berchtesgaden-gebundene-ausgabe-carolin-otto.jpeg\" alt=\"\" class=\"wp-image-1213\" srcset=\"https:\/\/www.udomittendrin.de\/udomittendrin\/wordpress\/wp-content\/uploads\/2025\/10\/berchtesgaden-gebundene-ausgabe-carolin-otto.jpeg 378w, https:\/\/www.udomittendrin.de\/udomittendrin\/wordpress\/wp-content\/uploads\/2025\/10\/berchtesgaden-gebundene-ausgabe-carolin-otto-189x300.jpeg 189w\" sizes=\"auto, (max-width: 378px) 100vw, 378px\" \/><\/figure>\n<\/div>\n\n\n<p>(c) Udomittendrin. Okt25<\/p>\n","protected":false},"excerpt":{"rendered":"<p>Einf\u00fchlsamer Geschichtsunterricht Wir schreiben das Jahr 1945. Der Krieg ist vorbei. Ein Neuanfang steht bevor. Wenn Du dies Buch bzw. die Rezension dazu im Jahre 2025 (bzw. den Folgejahren) hier liest, wirst Du jene Zeit mit hoher Wahrscheinlichkeit nicht mehr erlebt haben, was Carolin Otto so wunderbar in ihrem Roman mit einander verwebt: Fiktion, Wirklichkeit [&hellip;]<\/p>\n","protected":false},"author":1,"featured_media":1213,"comment_status":"open","ping_status":"open","sticky":false,"template":"","format":"standard","meta":{"_monsterinsights_skip_tracking":false,"_monsterinsights_sitenote_active":false,"_monsterinsights_sitenote_note":"","_monsterinsights_sitenote_category":0,"footnotes":""},"categories":[78],"tags":[87,89,291,141],"class_list":["post-1212","post","type-post","status-publish","format-standard","has-post-thumbnail","hentry","category-books","tag-buecher","tag-buchtipp","tag-luebbe","tag-roman"],"_links":{"self":[{"href":"https:\/\/www.udomittendrin.de\/udomittendrin\/wordpress\/wp-json\/wp\/v2\/posts\/1212","targetHints":{"allow":["GET"]}}],"collection":[{"href":"https:\/\/www.udomittendrin.de\/udomittendrin\/wordpress\/wp-json\/wp\/v2\/posts"}],"about":[{"href":"https:\/\/www.udomittendrin.de\/udomittendrin\/wordpress\/wp-json\/wp\/v2\/types\/post"}],"author":[{"embeddable":true,"href":"https:\/\/www.udomittendrin.de\/udomittendrin\/wordpress\/wp-json\/wp\/v2\/users\/1"}],"replies":[{"embeddable":true,"href":"https:\/\/www.udomittendrin.de\/udomittendrin\/wordpress\/wp-json\/wp\/v2\/comments?post=1212"}],"version-history":[{"count":2,"href":"https:\/\/www.udomittendrin.de\/udomittendrin\/wordpress\/wp-json\/wp\/v2\/posts\/1212\/revisions"}],"predecessor-version":[{"id":1216,"href":"https:\/\/www.udomittendrin.de\/udomittendrin\/wordpress\/wp-json\/wp\/v2\/posts\/1212\/revisions\/1216"}],"wp:featuredmedia":[{"embeddable":true,"href":"https:\/\/www.udomittendrin.de\/udomittendrin\/wordpress\/wp-json\/wp\/v2\/media\/1213"}],"wp:attachment":[{"href":"https:\/\/www.udomittendrin.de\/udomittendrin\/wordpress\/wp-json\/wp\/v2\/media?parent=1212"}],"wp:term":[{"taxonomy":"category","embeddable":true,"href":"https:\/\/www.udomittendrin.de\/udomittendrin\/wordpress\/wp-json\/wp\/v2\/categories?post=1212"},{"taxonomy":"post_tag","embeddable":true,"href":"https:\/\/www.udomittendrin.de\/udomittendrin\/wordpress\/wp-json\/wp\/v2\/tags?post=1212"}],"curies":[{"name":"wp","href":"https:\/\/api.w.org\/{rel}","templated":true}]}}