{"id":1180,"date":"2025-09-05T10:53:31","date_gmt":"2025-09-05T08:53:31","guid":{"rendered":"https:\/\/www.udomittendrin.de\/udomittendrin\/wordpress\/?p=1180"},"modified":"2025-09-14T20:16:15","modified_gmt":"2025-09-14T18:16:15","slug":"himmelerdenblau-romy-hausmann","status":"publish","type":"post","link":"https:\/\/www.udomittendrin.de\/udomittendrin\/wordpress\/2025\/09\/05\/himmelerdenblau-romy-hausmann\/","title":{"rendered":"Himmelerdenblau &#8211; Romy Hausmann"},"content":{"rendered":"\n<p>Ein Thriller zum Nachdenken &#8230;.<\/p>\n\n\n\n<p class=\"has-text-color has-link-color wp-elements-59894edf89719d2974351b62b0838adc\" style=\"color:#3a65e5\"><strong>Himmelerdenblau<\/strong> &#8211; was f\u00fcr ein Wort.<\/p>\n\n\n\n<p>Seit dem 7. September 2003 ist Julie Novak verschwunden. Die Familie ist daran zerbrochen. Nur ihr Vater Theo h\u00f6rt nicht auf, nach ihr zu suchen. Als sich Julies Verschwinden zum zwanzigsten Mal j\u00e4hrt, nimmt die Podcasterin Liv Kontakt zu Theo auf. Sie sei auf eine neue Spur gesto\u00dfen. Doch wenn er die Wahrheit erfahren will, muss er sich beeilen, bevor seine fortschreitende Demenz alles mit Dunkelheit \u00fcberzieht. Wer zum Teufel hat ihm seine Tochter genommen? Warum hat Julies Ex-Freund Daniel das Schlafzimmer seiner verstorbenen Mutter so sorgf\u00e4ltig verschlossen? Und gibt es etwas Grausameres als die Ungewissheit \u00fcber das Schicksal des eigenen Kindes?<\/p>\n\n\n\n<p>Theo ist eine der Hauptfiguren im neuen Roman von Romy Hausmann. In Himmelerdenblau beschreibt Romy Hausmann nicht nur die Krankheit Demenz sehr intensiv und einf\u00fchlsam, sie schafft mit Theo eine sehr authentische und eindringliche Figur, die \u00fcber die gesamte spannende Geschichte hinweg mit all ihren Facetten eine unheimlich tiefe Beziehung zum Leser aufbaut. Selten so gesp\u00fcrt. Aber nicht nur Theo &#8222;lebt&#8220; in diesem Buch, auch Liv und Phil, sowie Sophia oder Daniel sind \u00fcber den gesamten Erz\u00e4hlstrang hinweg sehr lebendig und pr\u00e4sent. Liv und Phil betreiben ein True Crime Podcast Format und gehen ebenso auf Spurensuche nach Julia Novak. Gemeinsam mit Schwester Sophia, Vater Theo werden Verbindungen noch einmal nach empfunden, F\u00e4hrten gelegt, und Spuren untersucht. Romy schafft mit sehr sch\u00f6ner Leichtigkeit den Spagat von Vergangenheit zu Gegenwart, gibt allen Protagonisten Raum und h\u00e4lt die Spannung \u00fcber alle Seiten hinweg sehr hoch. Der Leser ertappt sich dabei, wie er &#8211; scheinbar logisch &#8211; identifiziert hat, wer es gewesen sein k\u00f6nnte, wie es wohl passiert ist, um dann, Seiten sp\u00e4ter, genau diese &#8222;Logik&#8220; wieder \u00fcber Bord werfen zu m\u00fcssen. War es doch ganz anders?<\/p>\n\n\n\n<p>Bei der Buchpremiere vergangene Woche in M\u00fcnchen war Romy Hausmann live vor Ort und gab sich nicht nur sehr sympathisch und nahbar, sondern gew\u00e4hrte auch Einblicke in die zweij\u00e4hrige Schreib- und Recherche Arbeit zu diesem wunderbaren Buch, welches nicht in allen Teilen frei erfunden ist, sondern sehr viel Lebenswahrheit enth\u00e4lt.<\/p>\n\n\n\n<p class=\"has-text-color has-link-color wp-elements-91ea48e90bada071a2de90c495c93948\" style=\"color:#1556bf\">Mit <strong>Himmelerdenblau<\/strong> (was f\u00fcr ein sch\u00f6nes Wort) hat Romy Hausmann ein Zeichen gesetzt, die Me\u00dflatte f\u00fcr &#8222;Spannung&#8220; ein wenig h\u00f6her gelegt. Himmelerdenblau ist Thriller, aber auch ein &#8222;Denkbuch&#8220;, dass uns ein wenig kneift und zum Denken anregt, weil wir einen Einblick bekommen, wie es sein k\u00f6nnte, wenn die &#8222;Denkkraft&#8220; nachl\u00e4sst, der &#8222;Denkraum&#8220; Grenzen erf\u00e4hrt. Das im Penguin Verlag erschienene Buch ist nicht nur lesenswert, es ist toll und besonders. Danke, liebe Romy, f\u00fcr das Gespr\u00e4ch mit Dir.<\/p>\n\n\n\n<figure class=\"wp-block-image size-large\"><img loading=\"lazy\" decoding=\"async\" width=\"1024\" height=\"819\" src=\"https:\/\/www.udomittendrin.de\/udomittendrin\/wordpress\/wp-content\/uploads\/2025\/09\/Himmelerdenblau-1024x819.jpg\" alt=\"\" class=\"wp-image-1179\" srcset=\"https:\/\/www.udomittendrin.de\/udomittendrin\/wordpress\/wp-content\/uploads\/2025\/09\/Himmelerdenblau-1024x819.jpg 1024w, https:\/\/www.udomittendrin.de\/udomittendrin\/wordpress\/wp-content\/uploads\/2025\/09\/Himmelerdenblau-300x240.jpg 300w, https:\/\/www.udomittendrin.de\/udomittendrin\/wordpress\/wp-content\/uploads\/2025\/09\/Himmelerdenblau-768x614.jpg 768w, https:\/\/www.udomittendrin.de\/udomittendrin\/wordpress\/wp-content\/uploads\/2025\/09\/Himmelerdenblau-1240x992.jpg 1240w, https:\/\/www.udomittendrin.de\/udomittendrin\/wordpress\/wp-content\/uploads\/2025\/09\/Himmelerdenblau-508x406.jpg 508w, https:\/\/www.udomittendrin.de\/udomittendrin\/wordpress\/wp-content\/uploads\/2025\/09\/Himmelerdenblau.jpg 1350w\" sizes=\"auto, (max-width: 1024px) 100vw, 1024px\" \/><\/figure>\n\n\n\n<p>(c) udomittendrin, Aug\/Sep2025<\/p>\n","protected":false},"excerpt":{"rendered":"<p>Ein Thriller zum Nachdenken &#8230;. Himmelerdenblau &#8211; was f\u00fcr ein Wort. Seit dem 7. September 2003 ist Julie Novak verschwunden. Die Familie ist daran zerbrochen. Nur ihr Vater Theo h\u00f6rt nicht auf, nach ihr zu suchen. Als sich Julies Verschwinden zum zwanzigsten Mal j\u00e4hrt, nimmt die Podcasterin Liv Kontakt zu Theo auf. Sie sei auf [&hellip;]<\/p>\n","protected":false},"author":1,"featured_media":1177,"comment_status":"open","ping_status":"open","sticky":false,"template":"","format":"standard","meta":{"_monsterinsights_skip_tracking":false,"_monsterinsights_sitenote_active":false,"_monsterinsights_sitenote_note":"","_monsterinsights_sitenote_category":0,"footnotes":""},"categories":[78],"tags":[87,89,141,130,114],"class_list":["post-1180","post","type-post","status-publish","format-standard","has-post-thumbnail","hentry","category-books","tag-buecher","tag-buchtipp","tag-roman","tag-spannung","tag-thriller"],"_links":{"self":[{"href":"https:\/\/www.udomittendrin.de\/udomittendrin\/wordpress\/wp-json\/wp\/v2\/posts\/1180","targetHints":{"allow":["GET"]}}],"collection":[{"href":"https:\/\/www.udomittendrin.de\/udomittendrin\/wordpress\/wp-json\/wp\/v2\/posts"}],"about":[{"href":"https:\/\/www.udomittendrin.de\/udomittendrin\/wordpress\/wp-json\/wp\/v2\/types\/post"}],"author":[{"embeddable":true,"href":"https:\/\/www.udomittendrin.de\/udomittendrin\/wordpress\/wp-json\/wp\/v2\/users\/1"}],"replies":[{"embeddable":true,"href":"https:\/\/www.udomittendrin.de\/udomittendrin\/wordpress\/wp-json\/wp\/v2\/comments?post=1180"}],"version-history":[{"count":1,"href":"https:\/\/www.udomittendrin.de\/udomittendrin\/wordpress\/wp-json\/wp\/v2\/posts\/1180\/revisions"}],"predecessor-version":[{"id":1181,"href":"https:\/\/www.udomittendrin.de\/udomittendrin\/wordpress\/wp-json\/wp\/v2\/posts\/1180\/revisions\/1181"}],"wp:featuredmedia":[{"embeddable":true,"href":"https:\/\/www.udomittendrin.de\/udomittendrin\/wordpress\/wp-json\/wp\/v2\/media\/1177"}],"wp:attachment":[{"href":"https:\/\/www.udomittendrin.de\/udomittendrin\/wordpress\/wp-json\/wp\/v2\/media?parent=1180"}],"wp:term":[{"taxonomy":"category","embeddable":true,"href":"https:\/\/www.udomittendrin.de\/udomittendrin\/wordpress\/wp-json\/wp\/v2\/categories?post=1180"},{"taxonomy":"post_tag","embeddable":true,"href":"https:\/\/www.udomittendrin.de\/udomittendrin\/wordpress\/wp-json\/wp\/v2\/tags?post=1180"}],"curies":[{"name":"wp","href":"https:\/\/api.w.org\/{rel}","templated":true}]}}