{"id":1094,"date":"2024-09-29T12:06:10","date_gmt":"2024-09-29T10:06:10","guid":{"rendered":"https:\/\/www.udomittendrin.de\/udomittendrin\/wordpress\/?p=1094"},"modified":"2024-09-29T12:06:11","modified_gmt":"2024-09-29T10:06:11","slug":"black-patti-im-vronis-vintage-staff","status":"publish","type":"post","link":"https:\/\/www.udomittendrin.de\/udomittendrin\/wordpress\/2024\/09\/29\/black-patti-im-vronis-vintage-staff\/","title":{"rendered":"Black Patti im Vroni\u00b4s Vintage Staff"},"content":{"rendered":"\n<p><strong>Harmonischer Blues Abend in Traunstein<\/strong><\/p>\n\n\n\n<p>Peter Crow C. und Ferndinand \u201eJelly Roll\u201c Kr\u00e4mer sind die Macher hinter der Formation \u201eBlack Patti\u201c. Erdiger, tiefschwarzer Blues, ber\u00fchrende Roots Musik aber auch federnder Ragtime und beseelte Spirituals sind das musikalische Fundament der beiden M\u00fcnchner, die weltweit schon einige B\u00fchnen gesehen haben. Die Anf\u00e4nge des Blues in den zwanziger und drei\u00dfiger Jahren, sozusagen der Ursprung dieser vermeintlichen Black Music (die keinesfalls eine ausschlie\u00dflich schwarze Musik ist) begr\u00fcnden die Leidenschaft von Black Patti, die seit nunmehr vierzehn Jahren ein Duo sind.<\/p>\n\n\n\n<p>Ohne Setlist, ganz aus dem Gef\u00fchl heraus, entsteht ein dreiteiliger Abend, der von kurzen Pausen unterbrochen ist, in denen man den Geschichten von Peter Crow lauschen kann. Die Jungs leben den Blues, die rund zwanzig Jahre Altersunterschied sind zwar sichtbar, aber die Harmonie zwischen den beiden \u00fcber jeden Zweifel erhaben.<\/p>\n\n\n<div class=\"wp-block-image\">\n<figure class=\"aligncenter size-full\"><img loading=\"lazy\" decoding=\"async\" width=\"980\" height=\"716\" src=\"https:\/\/www.udomittendrin.de\/udomittendrin\/wordpress\/wp-content\/uploads\/2024\/09\/BlackPatticudokewitsch.jpg\" alt=\"\" class=\"wp-image-1092\" srcset=\"https:\/\/www.udomittendrin.de\/udomittendrin\/wordpress\/wp-content\/uploads\/2024\/09\/BlackPatticudokewitsch.jpg 980w, https:\/\/www.udomittendrin.de\/udomittendrin\/wordpress\/wp-content\/uploads\/2024\/09\/BlackPatticudokewitsch-300x219.jpg 300w, https:\/\/www.udomittendrin.de\/udomittendrin\/wordpress\/wp-content\/uploads\/2024\/09\/BlackPatticudokewitsch-768x561.jpg 768w, https:\/\/www.udomittendrin.de\/udomittendrin\/wordpress\/wp-content\/uploads\/2024\/09\/BlackPatticudokewitsch-508x371.jpg 508w\" sizes=\"auto, (max-width: 980px) 100vw, 980px\" \/><\/figure>\n<\/div>\n\n\n<p>Jelly Roll an der Mandoline oder Gitarre, Peter Crow ebenfalls an der Gitarre oder der Blues Harp z\u00fcnden ein kleines stimmiges Feuerwerk im gem\u00fctlichen Vintage Staff Ambiente. Und so spielen die (mir meist unbekannten) Titel der Songs eine eher untergeordnete Rolle. \u201eI get the blues when it rains\u201c sei stellvertretend f\u00fcr den wunderbar harmonischen Zweigesang genannt. Kurzweilig, mitrei\u00dfend, stimmig, melodisch, rhythmisch, stampfend, fordernd .. aber auch sanft und einf\u00fchlsam gestalten Ferdinand und Peter einen \u00e4u\u00dferst gelungenen Abend.<\/p>\n\n\n\n<p>Unterst\u00fctzt wurde die Blues Jungs immer wieder von Vroni, besser bekannt als Victoria Lake, sowie \u201eMama Angerer\u201c am Kontrabass. So geht Session.<\/p>\n\n\n\n<p>Die Tatsache, dass sich kein geringerer als Robert Crumb (weltber\u00fchmter Illustrator und Gr\u00fcndervater der Underground Comix Szene) das Cover der j\u00fcngsten LP (oder CD) \u201eSatans funeral\u201c gestaltet hat, spricht B\u00e4nde. Die Rolling Stones wollten ein Cover und bekamen keines, Black Patti wollten gar keines, bekamen aber eins.\u00a0 Man muss nur die richtige Musik spielen. Erdiger, tiefschwarzer Blues hatte an diesem Abend in Traunstein ein dankbares Publikum. Der Song \u201eGod dont like it\u201c d\u00fcrfte damit keinerlei autobiographischen Z\u00fcge aufweisen. Im Gegenteil. Es war ein tolles, sehr stimmiges Konzert.<\/p>\n\n\n<div class=\"wp-block-image\">\n<figure class=\"aligncenter size-full\"><img loading=\"lazy\" decoding=\"async\" width=\"980\" height=\"700\" src=\"https:\/\/www.udomittendrin.de\/udomittendrin\/wordpress\/wp-content\/uploads\/2024\/09\/blackPattiVronicUdokewitsch.jpg\" alt=\"\" class=\"wp-image-1093\" srcset=\"https:\/\/www.udomittendrin.de\/udomittendrin\/wordpress\/wp-content\/uploads\/2024\/09\/blackPattiVronicUdokewitsch.jpg 980w, https:\/\/www.udomittendrin.de\/udomittendrin\/wordpress\/wp-content\/uploads\/2024\/09\/blackPattiVronicUdokewitsch-300x214.jpg 300w, https:\/\/www.udomittendrin.de\/udomittendrin\/wordpress\/wp-content\/uploads\/2024\/09\/blackPattiVronicUdokewitsch-768x549.jpg 768w, https:\/\/www.udomittendrin.de\/udomittendrin\/wordpress\/wp-content\/uploads\/2024\/09\/blackPattiVronicUdokewitsch-508x363.jpg 508w\" sizes=\"auto, (max-width: 980px) 100vw, 980px\" \/><\/figure>\n<\/div>\n\n\n<p>\u00a9 Udo Kewitsch 29.09.24 \/ Zeilen 35 \/ Zeichen 2253<\/p>\n","protected":false},"excerpt":{"rendered":"<p>Harmonischer Blues Abend in Traunstein Peter Crow C. und Ferndinand \u201eJelly Roll\u201c Kr\u00e4mer sind die Macher hinter der Formation \u201eBlack Patti\u201c. Erdiger, tiefschwarzer Blues, ber\u00fchrende Roots Musik aber auch federnder Ragtime und beseelte Spirituals sind das musikalische Fundament der beiden M\u00fcnchner, die weltweit schon einige B\u00fchnen gesehen haben. Die Anf\u00e4nge des Blues in den zwanziger [&hellip;]<\/p>\n","protected":false},"author":1,"featured_media":1091,"comment_status":"open","ping_status":"open","sticky":false,"template":"","format":"standard","meta":{"_monsterinsights_skip_tracking":false,"_monsterinsights_sitenote_active":false,"_monsterinsights_sitenote_note":"","_monsterinsights_sitenote_category":0,"footnotes":""},"categories":[3],"tags":[273,91,90,120,123,250,274],"class_list":["post-1094","post","type-post","status-publish","format-standard","has-post-thumbnail","hentry","category-concerte","tag-black-patti","tag-concert","tag-konzert","tag-music","tag-musik","tag-traunstein","tag-vronis-vintage-staff"],"_links":{"self":[{"href":"https:\/\/www.udomittendrin.de\/udomittendrin\/wordpress\/wp-json\/wp\/v2\/posts\/1094","targetHints":{"allow":["GET"]}}],"collection":[{"href":"https:\/\/www.udomittendrin.de\/udomittendrin\/wordpress\/wp-json\/wp\/v2\/posts"}],"about":[{"href":"https:\/\/www.udomittendrin.de\/udomittendrin\/wordpress\/wp-json\/wp\/v2\/types\/post"}],"author":[{"embeddable":true,"href":"https:\/\/www.udomittendrin.de\/udomittendrin\/wordpress\/wp-json\/wp\/v2\/users\/1"}],"replies":[{"embeddable":true,"href":"https:\/\/www.udomittendrin.de\/udomittendrin\/wordpress\/wp-json\/wp\/v2\/comments?post=1094"}],"version-history":[{"count":1,"href":"https:\/\/www.udomittendrin.de\/udomittendrin\/wordpress\/wp-json\/wp\/v2\/posts\/1094\/revisions"}],"predecessor-version":[{"id":1095,"href":"https:\/\/www.udomittendrin.de\/udomittendrin\/wordpress\/wp-json\/wp\/v2\/posts\/1094\/revisions\/1095"}],"wp:featuredmedia":[{"embeddable":true,"href":"https:\/\/www.udomittendrin.de\/udomittendrin\/wordpress\/wp-json\/wp\/v2\/media\/1091"}],"wp:attachment":[{"href":"https:\/\/www.udomittendrin.de\/udomittendrin\/wordpress\/wp-json\/wp\/v2\/media?parent=1094"}],"wp:term":[{"taxonomy":"category","embeddable":true,"href":"https:\/\/www.udomittendrin.de\/udomittendrin\/wordpress\/wp-json\/wp\/v2\/categories?post=1094"},{"taxonomy":"post_tag","embeddable":true,"href":"https:\/\/www.udomittendrin.de\/udomittendrin\/wordpress\/wp-json\/wp\/v2\/tags?post=1094"}],"curies":[{"name":"wp","href":"https:\/\/api.w.org\/{rel}","templated":true}]}}