{"id":1086,"date":"2024-09-21T19:31:49","date_gmt":"2024-09-21T17:31:49","guid":{"rendered":"https:\/\/www.udomittendrin.de\/udomittendrin\/wordpress\/?p=1086"},"modified":"2024-09-21T19:31:49","modified_gmt":"2024-09-21T17:31:49","slug":"weltfriedenstag-21-09-2024","status":"publish","type":"post","link":"https:\/\/www.udomittendrin.de\/udomittendrin\/wordpress\/2024\/09\/21\/weltfriedenstag-21-09-2024\/","title":{"rendered":"Weltfriedenstag \u2013 21.09.2024"},"content":{"rendered":"\n<p>Die Generalversammlung der Vereinten Nationen verk\u00fcndete am 21.September 1981 folgenden Satz:<\/p>\n\n\n\n<p>\u201eDieser Tag soll offiziell benannt und gefeiert werden als Weltfriedenstag (International Day of Peace) und soll gen\u00fctzt werden, um die Idee des Friedens sowohl innerhalb der L\u00e4nder und V\u00f6lker als auch zwischen ihnen zu beobachten und zu st\u00e4rken.\u201c<\/p>\n\n\n\n<p><strong>So weit So gut ?<\/strong><\/p>\n\n\n\n<p>Ich wage die pauschale, auf ein Wort reduzierte Antwort vorweg: \u201e<strong>Nein<\/strong>!\u201c<\/p>\n\n\n\n<p>Die Absicht der UN Vollversammlung mag edel gemeint und in ihrer Absicht \u00fcber jeden Zweifel erhaben. Allein der Glaube fehlt mir wohl, dass die damals 157 Mitgliedsstaaten diese Botschaft in ihr jeweiliges Land hinausgetragen und den edlen Kern des Gedankens, oder war es nur eine Idee, auch in die echte, friedvolle Tat voller \u00dcberzeugung umgesetzt haben. Warum nicht?<\/p>\n\n\n\n<p>Wenn ich einen Blick auf die Nachrichten werfe, oder gar die Statistik bem\u00fche, tr\u00fcbt sich der Blick sehr schnell. Im Jahr 2022 allein listet das sogenannte \u201eConflict Barometer\u201c des HIIK (Heidelberger Institut f\u00fcr internationale Konfliktforschung) weltweit 363 Konflikte auf. Was sagt mir das? Das die Idee des Friedens noch nicht auf Erden gelandet ist. Und zieht man die hinl\u00e4nglich bekannten Brennpunkte Ukraine, Gaza und den Sudan einmal ab, bleiben immer noch rund 360 Konfliktherde auf der ganzen Welt, die es nicht einmal in die Schlagzeilen der Tagesschau schaffen, aber trotzdem das Wort Frieden nicht verdienen, dessen wir heute gedenken und es eigentlich \u201efeiern\u201c sollten. Warum ist das so?<\/p>\n\n\n\n<p>Was sagt Wiki zur Definition<\/p>\n\n\n\n<p>\u201eFriede oder Frieden ist allgemein definiert als ein heilsamer Zustand der Stille oder Ruhe, als die Abwesenheit von St\u00f6rung oder Beunruhigung und besonders von Krieg. Frieden ist das Ergebnis der Tugend der \u201eFriedfertigkeit\u201c und damit verbundener Friedensbem\u00fchungen.\u201c<\/p>\n\n\n\n<p>Es w\u00e4r so einfach. Ist es nicht So!?<\/p>\n\n\n\n<figure class=\"wp-block-image size-full\"><img loading=\"lazy\" decoding=\"async\" width=\"840\" height=\"560\" src=\"https:\/\/www.udomittendrin.de\/udomittendrin\/wordpress\/wp-content\/uploads\/2024\/09\/2024_09_weltfrieden2.jpg\" alt=\"\" class=\"wp-image-1088\" srcset=\"https:\/\/www.udomittendrin.de\/udomittendrin\/wordpress\/wp-content\/uploads\/2024\/09\/2024_09_weltfrieden2.jpg 840w, https:\/\/www.udomittendrin.de\/udomittendrin\/wordpress\/wp-content\/uploads\/2024\/09\/2024_09_weltfrieden2-300x200.jpg 300w, https:\/\/www.udomittendrin.de\/udomittendrin\/wordpress\/wp-content\/uploads\/2024\/09\/2024_09_weltfrieden2-768x512.jpg 768w, https:\/\/www.udomittendrin.de\/udomittendrin\/wordpress\/wp-content\/uploads\/2024\/09\/2024_09_weltfrieden2-508x339.jpg 508w\" sizes=\"auto, (max-width: 840px) 100vw, 840px\" \/><\/figure>\n\n\n\n<p><strong>So geht es doch anders<\/strong><\/p>\n\n\n\n<p>Ich m\u00f6chte diesen Artikel nicht dunkel f\u00e4rben. Ich m\u00f6chte den Weltfriedenstag dazu nutzen, den guten Gedanken von 1981, der sich am 21.September wiederkehrend j\u00e4hrt, aufzugreifen, daran zu erinnern und jeden zu ermuntern, seinen, und sei er noch So! klein, Teil dazu beizutragen.<\/p>\n\n\n\n<p>Erinnerst Du dich an die vergangenen olympischen Spiele in Paris? Ein Fest. Ein Feuerwerk. Ein Spektakel, eine Show. Nicht weniger als 206 Nationen mit rund 10.500 Athleten liegen sich bei der Abschiedsshow in den Armen, weinen Freudentr\u00e4nen, klatschen, tanzen, singen, sind ein fr\u00f6hlicher Cocktail der Menschengemeinde auf diesem Planeten. Schwarze, wei\u00dfe, gelbe, braune, helle, dunkle, M\u00e4nnlein, Weiblein und was es sonst noch so gibt. Alle \u201ek\u00e4mpften\u201c gegeneinander ohne sich zu bek\u00e4mpfen. Wie wunderbar fr\u00f6hlich und friedlich es nach all den \u201eKampfhandlungen\u201c im Oval des Stade de France doch zuging. Kein Blut, keine Rakete, keine Bombe, keine Verletzten, kein Gram, kein Groll, keine Geisel. Einigkeit. Medailienspiegel. Wahrhafter Frieden innerhalb dieser 206 L\u00e4nder und deren Vertreter.<\/p>\n\n\n\n<p>Sind Sportler die besseren Politiker ? Ich lass die Frage offen.<\/p>\n\n\n\n<p><strong>So banal?<\/strong><\/p>\n\n\n\n<p>Wir erblicken das Licht der Welt und sind (zun\u00e4chst, bis auf weiteres) der geborene Frieden. Das gilt f\u00fcr jeden S\u00e4ugling in jedem Teil der Welt. Egal ob Amerika, China, Israel, Russland, Ukraine oder Zaire. Die Theorie erscheint jedem plausibel: spende Liebe, meide Hass und damit ist f\u00fcr den Frieden gesorgt. Das gilt f\u00fcr die Familie, das weitere Umfeld, deine Gemeinde, die Region, dein Land \u2026 usw\u2026.&nbsp; In der Praxis ist das freilich komplexer und beginnt mit der \u00fcber die Grundst\u00fccksgrenze hinauswachsende Hecke oder der ber\u00fchmten Schaufel, derer man im Sandkasten beraubt wurde.<\/p>\n\n\n\n<p>Mal kurz innehalten. Kann man das Problem mit der Hecke, der Schaufel, dem Grenzzaun, der Territorien, nicht auch erst einmal besprechen, bevor die F\u00e4uste fliegen? Verhandeln, Kompromisse schlie\u00dfen? Ja, klar k\u00f6nnte man \u2026 sollte man \u2026 und deshalb ist es auch nicht verkehrt, wenn man an einem Tag wie diesem, an den Frieden erinnert, ihn w\u00fcrdigt, ihn herbeibetet, herbeisehnt und \u2013 verdammt nochmal \u2013 auch einfordert ! Im Grunde wissen 99% der Menschen auf diesem Planeten, dass es kl\u00fcger w\u00e4re zu debattieren, diskutieren, friedvoll zu agieren und sich zu arrangieren, anstatt sich gegenseitig in Schutt und Asche zu bombardieren und zu massakrieren, weil am Ende keiner dabei gewinnen kann. Was n\u00fctzt mir der Sieg, wenn ich auf den Tr\u00fcmmern des Besiegten stehe? Wieviel mehr Lebensqualit\u00e4t h\u00e4tten wir nicht alle (!) auf Erden, wenn es 363 Konflikte weniger g\u00e4be?<\/p>\n\n\n\n<p><strong>So geht Vorbild<\/strong><\/p>\n\n\n\n<p>Unsere Vorbilder in Sachen Frieden sind aktuell diese 10 L\u00e4nder, die als v\u00f6llig frei von Konflikten gelten. Diejenigen, die den Weltfriedenstag wahrhaft verinnerlicht haben. Der Global Peace Index listet die Schweiz sowie Botswana, Chile, Costa Rica, Uruguay, Mauritius, Panama (oh wie sch\u00f6n ist Panama!) Japan, Vietnam und Katar auf. Laden wir deren Regierungen und die jeweils friedlichsten Sportler von Paris mal zur n\u00e4chsten UN Vollversammlung ein, vielleicht am 21.09.25 und proben den echten Frieden auf Erden. W\u00e4r das nicht ein Gedanke wert?<\/p>\n\n\n\n<p>\u00a9 friedliche Gr\u00fc\u00dfe, So! Autor Udo Kewitsch, Sept24<\/p>\n\n\n\n<p>Dieser Beitrag erschien auch im So! Magazin. Klickt mal rein, lesenswert.<\/p>\n","protected":false},"excerpt":{"rendered":"<p>Die Generalversammlung der Vereinten Nationen verk\u00fcndete am 21.September 1981 folgenden Satz: \u201eDieser Tag soll offiziell benannt und gefeiert werden als Weltfriedenstag (International Day of Peace) und soll gen\u00fctzt werden, um die Idee des Friedens sowohl innerhalb der L\u00e4nder und V\u00f6lker als auch zwischen ihnen zu beobachten und zu st\u00e4rken.\u201c So weit So gut ? Ich [&hellip;]<\/p>\n","protected":false},"author":1,"featured_media":1089,"comment_status":"open","ping_status":"open","sticky":false,"template":"","format":"standard","meta":{"_monsterinsights_skip_tracking":false,"_monsterinsights_sitenote_active":false,"_monsterinsights_sitenote_note":"","_monsterinsights_sitenote_category":0,"footnotes":""},"categories":[1],"tags":[272,271,270],"class_list":["post-1086","post","type-post","status-publish","format-standard","has-post-thumbnail","hentry","category-allgemein","tag-gedanken","tag-meinung","tag-weltfriedenstag"],"_links":{"self":[{"href":"https:\/\/www.udomittendrin.de\/udomittendrin\/wordpress\/wp-json\/wp\/v2\/posts\/1086","targetHints":{"allow":["GET"]}}],"collection":[{"href":"https:\/\/www.udomittendrin.de\/udomittendrin\/wordpress\/wp-json\/wp\/v2\/posts"}],"about":[{"href":"https:\/\/www.udomittendrin.de\/udomittendrin\/wordpress\/wp-json\/wp\/v2\/types\/post"}],"author":[{"embeddable":true,"href":"https:\/\/www.udomittendrin.de\/udomittendrin\/wordpress\/wp-json\/wp\/v2\/users\/1"}],"replies":[{"embeddable":true,"href":"https:\/\/www.udomittendrin.de\/udomittendrin\/wordpress\/wp-json\/wp\/v2\/comments?post=1086"}],"version-history":[{"count":2,"href":"https:\/\/www.udomittendrin.de\/udomittendrin\/wordpress\/wp-json\/wp\/v2\/posts\/1086\/revisions"}],"predecessor-version":[{"id":1090,"href":"https:\/\/www.udomittendrin.de\/udomittendrin\/wordpress\/wp-json\/wp\/v2\/posts\/1086\/revisions\/1090"}],"wp:featuredmedia":[{"embeddable":true,"href":"https:\/\/www.udomittendrin.de\/udomittendrin\/wordpress\/wp-json\/wp\/v2\/media\/1089"}],"wp:attachment":[{"href":"https:\/\/www.udomittendrin.de\/udomittendrin\/wordpress\/wp-json\/wp\/v2\/media?parent=1086"}],"wp:term":[{"taxonomy":"category","embeddable":true,"href":"https:\/\/www.udomittendrin.de\/udomittendrin\/wordpress\/wp-json\/wp\/v2\/categories?post=1086"},{"taxonomy":"post_tag","embeddable":true,"href":"https:\/\/www.udomittendrin.de\/udomittendrin\/wordpress\/wp-json\/wp\/v2\/tags?post=1086"}],"curies":[{"name":"wp","href":"https:\/\/api.w.org\/{rel}","templated":true}]}}