{"id":1062,"date":"2023-12-03T19:23:50","date_gmt":"2023-12-03T18:23:50","guid":{"rendered":"https:\/\/www.udomittendrin.de\/udomittendrin\/wordpress\/?p=1062"},"modified":"2023-12-03T19:23:51","modified_gmt":"2023-12-03T18:23:51","slug":"sanfte-toene-in-der-theaterfabrik-traunreut","status":"publish","type":"post","link":"https:\/\/www.udomittendrin.de\/udomittendrin\/wordpress\/2023\/12\/03\/sanfte-toene-in-der-theaterfabrik-traunreut\/","title":{"rendered":"Sanfte T\u00f6ne in der Theaterfabrik Traunreut"},"content":{"rendered":"\n<p><strong>Simon &amp; Garfunkel Revival Band zaubern wundersch\u00f6ne Stimmung<\/strong><\/p>\n\n\n\n<p>Es gibt sie tats\u00e4chlich. Unsterbliche Musik. Musik, die einen zeitlebens begleitet. Das mag von Generation zu Generation leicht differieren, aber im Falle von Simon &amp; Garfunkel d\u00fcrfte die Fangemeinde breit gef\u00e4chert sein. Wer die wunderbare Musik der zwei Schulfreunde Paul Simon und Art Garfunkel kennt, wei\u00df auf Anhieb zwei, drei, vier, f\u00fcnf Hits zu summen. Michal Frank und Guido Reuter sind das deutsche Pendant zu den Amerikanern, die sich trennten und wieder zusammenfanden, zuletzt 2010. Das Michael und Guido hinsichtlich K\u00f6rpergr\u00f6\u00dfe ebenfalls als Kopie durchgehen, ist ein funny fact am Rande. Einige Pl\u00e4tze in der Theaterfabrik fallen dem Schneechaos zum Opfer, der Stimmung tut dies keinen Abbruch.<\/p>\n\n\n\n<p>\u201eHomeward Bound\u201c er\u00f6ffnet ein wundersch\u00f6nes Konzert, so passend zur \u201estaaden Zeit\u201c, nach \u201eLeaves that are Green\u201c folgt das melancholische \u201eEl Condor Pasa\u201c und sp\u00e4testens als &#8222;Scaborough Fair\u201c angestimmt wird, wird der Leser wissen, was eingangs mit \u201ezeitlos\u201c gemeint war. Ein Hit folgt dem n\u00e4chsten, mittlerweile hat das Duo Verst\u00e4rkung erhalten und die schmunzelnd als \u201eOrchester\u201c angek\u00fcndigte \u201eBig Band\u201c f\u00fcgt sich nahtlos in den Rhythmus ein. Ingo Kaiser am Schlagzeug brilliert \u00fcber die gesamt Spieldauer hinweg mit einer unglaublichen Pr\u00e4senz, aber auch Sebastian Fritzlar (Keyboard, Trommel, Bass, Vocals) wei\u00df zu \u00fcberzeugen. Big Band ist in der Tat nicht weit hergeholt. Alle Musiker sind Multi-instrumental. Guido Reuter beherrscht neben seiner feinen Stimme auch die Geige, Fl\u00f6te, Klavier und das Akkordeon.<\/p>\n\n\n\n<figure class=\"wp-block-image size-large\"><img loading=\"lazy\" decoding=\"async\" width=\"1024\" height=\"682\" src=\"https:\/\/www.udomittendrin.de\/udomittendrin\/wordpress\/wp-content\/uploads\/2023\/12\/SimonGarfunkel_by_cUdoKewitsch-2184-1024x682.jpeg\" alt=\"\" class=\"wp-image-1060\" srcset=\"https:\/\/www.udomittendrin.de\/udomittendrin\/wordpress\/wp-content\/uploads\/2023\/12\/SimonGarfunkel_by_cUdoKewitsch-2184-1024x682.jpeg 1024w, https:\/\/www.udomittendrin.de\/udomittendrin\/wordpress\/wp-content\/uploads\/2023\/12\/SimonGarfunkel_by_cUdoKewitsch-2184-300x200.jpeg 300w, https:\/\/www.udomittendrin.de\/udomittendrin\/wordpress\/wp-content\/uploads\/2023\/12\/SimonGarfunkel_by_cUdoKewitsch-2184-768x512.jpeg 768w, https:\/\/www.udomittendrin.de\/udomittendrin\/wordpress\/wp-content\/uploads\/2023\/12\/SimonGarfunkel_by_cUdoKewitsch-2184-1240x826.jpeg 1240w, https:\/\/www.udomittendrin.de\/udomittendrin\/wordpress\/wp-content\/uploads\/2023\/12\/SimonGarfunkel_by_cUdoKewitsch-2184-508x339.jpeg 508w, https:\/\/www.udomittendrin.de\/udomittendrin\/wordpress\/wp-content\/uploads\/2023\/12\/SimonGarfunkel_by_cUdoKewitsch-2184.jpeg 1280w\" sizes=\"auto, (max-width: 1024px) 100vw, 1024px\" \/><\/figure>\n\n\n\n<p>Die Musik nimmt das Publikum mit, erst lauscht der Saal ergriffen den Songs, um dann jeweils am Ende die \u201eStille\u201c mit begeistertem Applaus zu durchbrechen. Und so findet auch \u201eThe Boxer\u201c oder das fr\u00f6hliche \u201eCecilia\u201c ein dankbares Echo bei den G\u00e4sten. Michael Frank moderiert manche Songs launig in dem ihm eigenen Humor an (\u201enoch NIE haben wir vor so einem wunderbaren Publikum gespielt\u201c), h\u00e4lt sich aber mit seinen Vorreden niemals lange auf, sondern schenkt umgehend sch\u00f6ne Gitarrenmelodien.<\/p>\n\n\n\n<p>So wird auch der zweite Set ein Hitreigen. Die ber\u00fchmte \u201eMrs. Robinson\u201c (weltbekannt geworden als Soundtrack von \u201eDie Reifepr\u00fcfung&#8220; mit Dustin Hoffmann) geht dem nicht minder bekannten \u201eI am a Rock\u201c voraus, zwischendrin serviert die Band ein paar Paul Simon Hits und im letzten Viertel kommt Ingo Kaisers gro\u00dfer Auftritt mit einem fantastischen Solo passend zur Nummer \u201eFifty Ways to leave your Lover\u201c. So geht Rhythmus. Es mag wenig verwunderlich sein, dass nat\u00fcrlich auch das traurige \u201eBridge over Troubled Water\u201c auf der Setlist zu finden war. Die Zugabe wurde gefordert und das Publikum belohnt.\u00a0<\/p>\n\n\n\n<figure class=\"wp-block-image size-large\"><img loading=\"lazy\" decoding=\"async\" width=\"1024\" height=\"682\" src=\"https:\/\/www.udomittendrin.de\/udomittendrin\/wordpress\/wp-content\/uploads\/2023\/12\/SimonGarfunkelr_by_cUdoKewitsch-2228-1024x682.jpeg\" alt=\"\" class=\"wp-image-1061\" srcset=\"https:\/\/www.udomittendrin.de\/udomittendrin\/wordpress\/wp-content\/uploads\/2023\/12\/SimonGarfunkelr_by_cUdoKewitsch-2228-1024x682.jpeg 1024w, https:\/\/www.udomittendrin.de\/udomittendrin\/wordpress\/wp-content\/uploads\/2023\/12\/SimonGarfunkelr_by_cUdoKewitsch-2228-300x200.jpeg 300w, https:\/\/www.udomittendrin.de\/udomittendrin\/wordpress\/wp-content\/uploads\/2023\/12\/SimonGarfunkelr_by_cUdoKewitsch-2228-768x512.jpeg 768w, https:\/\/www.udomittendrin.de\/udomittendrin\/wordpress\/wp-content\/uploads\/2023\/12\/SimonGarfunkelr_by_cUdoKewitsch-2228-1240x826.jpeg 1240w, https:\/\/www.udomittendrin.de\/udomittendrin\/wordpress\/wp-content\/uploads\/2023\/12\/SimonGarfunkelr_by_cUdoKewitsch-2228-508x339.jpeg 508w, https:\/\/www.udomittendrin.de\/udomittendrin\/wordpress\/wp-content\/uploads\/2023\/12\/SimonGarfunkelr_by_cUdoKewitsch-2228.jpeg 1280w\" sizes=\"auto, (max-width: 1024px) 100vw, 1024px\" \/><\/figure>\n\n\n\n<p>Alles in allem: ein wunderbar sanftes und stimmiges Konzert, passend zur Weihnachtszeit, zeitlos, unsterblich, toll.<\/p>\n\n\n\n<p>(c) Udo Kewitsch, 03.12.23&nbsp;<\/p>\n","protected":false},"excerpt":{"rendered":"<p>Simon &amp; Garfunkel Revival Band zaubern wundersch\u00f6ne Stimmung Es gibt sie tats\u00e4chlich. Unsterbliche Musik. Musik, die einen zeitlebens begleitet. Das mag von Generation zu Generation leicht differieren, aber im Falle von Simon &amp; Garfunkel d\u00fcrfte die Fangemeinde breit gef\u00e4chert sein. Wer die wunderbare Musik der zwei Schulfreunde Paul Simon und Art Garfunkel kennt, wei\u00df auf [&hellip;]<\/p>\n","protected":false},"author":1,"featured_media":1061,"comment_status":"open","ping_status":"open","sticky":false,"template":"","format":"standard","meta":{"_monsterinsights_skip_tracking":false,"_monsterinsights_sitenote_active":false,"_monsterinsights_sitenote_note":"","_monsterinsights_sitenote_category":0,"footnotes":""},"categories":[3],"tags":[91,265,90,120,123,221],"class_list":["post-1062","post","type-post","status-publish","format-standard","has-post-thumbnail","hentry","category-concerte","tag-concert","tag-die-theaterfabrik-ev","tag-konzert","tag-music","tag-musik","tag-traunreut"],"_links":{"self":[{"href":"https:\/\/www.udomittendrin.de\/udomittendrin\/wordpress\/wp-json\/wp\/v2\/posts\/1062","targetHints":{"allow":["GET"]}}],"collection":[{"href":"https:\/\/www.udomittendrin.de\/udomittendrin\/wordpress\/wp-json\/wp\/v2\/posts"}],"about":[{"href":"https:\/\/www.udomittendrin.de\/udomittendrin\/wordpress\/wp-json\/wp\/v2\/types\/post"}],"author":[{"embeddable":true,"href":"https:\/\/www.udomittendrin.de\/udomittendrin\/wordpress\/wp-json\/wp\/v2\/users\/1"}],"replies":[{"embeddable":true,"href":"https:\/\/www.udomittendrin.de\/udomittendrin\/wordpress\/wp-json\/wp\/v2\/comments?post=1062"}],"version-history":[{"count":1,"href":"https:\/\/www.udomittendrin.de\/udomittendrin\/wordpress\/wp-json\/wp\/v2\/posts\/1062\/revisions"}],"predecessor-version":[{"id":1063,"href":"https:\/\/www.udomittendrin.de\/udomittendrin\/wordpress\/wp-json\/wp\/v2\/posts\/1062\/revisions\/1063"}],"wp:featuredmedia":[{"embeddable":true,"href":"https:\/\/www.udomittendrin.de\/udomittendrin\/wordpress\/wp-json\/wp\/v2\/media\/1061"}],"wp:attachment":[{"href":"https:\/\/www.udomittendrin.de\/udomittendrin\/wordpress\/wp-json\/wp\/v2\/media?parent=1062"}],"wp:term":[{"taxonomy":"category","embeddable":true,"href":"https:\/\/www.udomittendrin.de\/udomittendrin\/wordpress\/wp-json\/wp\/v2\/categories?post=1062"},{"taxonomy":"post_tag","embeddable":true,"href":"https:\/\/www.udomittendrin.de\/udomittendrin\/wordpress\/wp-json\/wp\/v2\/tags?post=1062"}],"curies":[{"name":"wp","href":"https:\/\/api.w.org\/{rel}","templated":true}]}}