{"id":1031,"date":"2023-11-12T17:20:50","date_gmt":"2023-11-12T16:20:50","guid":{"rendered":"https:\/\/www.udomittendrin.de\/udomittendrin\/wordpress\/?p=1031"},"modified":"2023-11-12T21:27:17","modified_gmt":"2023-11-12T20:27:17","slug":"blues-night-in-garching","status":"publish","type":"post","link":"https:\/\/www.udomittendrin.de\/udomittendrin\/wordpress\/2023\/11\/12\/blues-night-in-garching\/","title":{"rendered":"Blues Night in Garching"},"content":{"rendered":"\n<p>Tscheky &amp; the Blues Kings geben der Blues Night Schwung<\/p>\n\n\n\n<p>Hauptact Bernard Allison und Edwin Kimmler<\/p>\n\n\n\n<p>Die Siegsdorfer Band Tscheky &amp; Blueskings hat den Sprung geschafft. Vergangenen Donnerstag in der Abendschau des Bayrischen Rundfunks ein Live Auftritt mit Interview. Der Kartenverkauf f\u00fcr die Blues Night in Garching zog in der Folge sp\u00fcrbar an. Fernsehen hat einfach eine Strahlwirkung im Wortsinn. Strahlend dann auch Tscheky bei der Er\u00f6ffnung zur Blues Night. Angek\u00fcndigt waren dar\u00fcber hinaus Edwin Kimmler, der in diesem Jahr sein 45j\u00e4hriges B\u00fchnenjubil\u00e4um feiert und der Superstar aus Amerika Bernard Allison, der j\u00fcngste Spross der Blues Legende Luther Allison.<\/p>\n\n\n\n<figure class=\"wp-block-image size-full\"><img loading=\"lazy\" decoding=\"async\" width=\"1024\" height=\"683\" src=\"https:\/\/www.udomittendrin.de\/udomittendrin\/wordpress\/wp-content\/uploads\/2023\/11\/Tscheky_by_cUdoKewitsch-1540.jpg\" alt=\"\" class=\"wp-image-1037\" srcset=\"https:\/\/www.udomittendrin.de\/udomittendrin\/wordpress\/wp-content\/uploads\/2023\/11\/Tscheky_by_cUdoKewitsch-1540.jpg 1024w, https:\/\/www.udomittendrin.de\/udomittendrin\/wordpress\/wp-content\/uploads\/2023\/11\/Tscheky_by_cUdoKewitsch-1540-300x200.jpg 300w, https:\/\/www.udomittendrin.de\/udomittendrin\/wordpress\/wp-content\/uploads\/2023\/11\/Tscheky_by_cUdoKewitsch-1540-768x512.jpg 768w, https:\/\/www.udomittendrin.de\/udomittendrin\/wordpress\/wp-content\/uploads\/2023\/11\/Tscheky_by_cUdoKewitsch-1540-508x339.jpg 508w\" sizes=\"auto, (max-width: 1024px) 100vw, 1024px\" \/><\/figure>\n\n\n\n<p>Zehn Jahre ist es her, dass Michael Sedlatschek eines seiner ersten Konzert im zarten Alter von 15 Jahren im Siegsdorf Senses gab (Traunsteiner Tagblatt berichtete). Schon im Dezember 2013 stand dort geschrieben: &#8222;Kein Solo ist ihm zu schwer, keine F\u00fchrungsarbeit scheut er, nein, er greift den Faden auf, treibt die Band voran, improvisiert und baut die Riffs gekonnt in die Songs, die zum Gro\u00dfteil weit vor seiner Geburt entstanden sind, professionell ein.\u201c Diese hohe Kunst hat er beibehalten, ausgebaut, verfeinert und sich auch einen coolen\u00a0Anstrich verliehen. Die Jungs sind gereift, die zaghaft Sch\u00fclerband geh\u00f6rt l\u00e4ngst der Vergangenheit an. Souver\u00e4n er\u00f6ffnen sie mit den Songs\u00a0\u201eEarthbound\u201c und dem flehenden \u201eTalk to me Baby\u201c. Christoph Voggesser an der Gitarre hat seinen authentischen Stil gefunden und\u00a0geleitet Frontmann Tscheky unentbehrlich. Markus Rehrl am Bass ist so unaufgeregt wie Bassisten eben sind, aber auch er reiht sich\u00a0nahtlos in\u00a0das Quintett ein. Andreas Schatz am Piano darf in einer Blues Band nicht fehlen und, auch wenn es nur ein kleines Solo gab,\u00a0Elisa Le Suire an den Drums macht die Band zu einer\u00a0Einheit.\u00a0\u201eBlue on Back\u201c sowie\u00a0\u201ePride an Joy\u201c gingen einem fulminaten\u00a0\u201eLA Boogie\u201c (Eigenkomposition von Andi Schatz) voraus. Das Publikum war begeistert, die Jungs haben den sch\u00f6nen Garchinger Saal angeheizt &#8211; somit war die Zugabe (Life by the Drop) obligat und ebenso ein\u00a0Genuss wie der gesamt Auftritt von Tscheky &amp; the Blueskings. Geschliffen und perfekt pr\u00e4sentierte sich die jungen Herren &#8211; der n\u00e4chste Auftritt findet in der Schweiz, sowie im Magzin3 (Reichenhall) sowie schlie\u00dflich am 28.12. in der Thearterfabrik Traunreut statt &#8211; wir werden nicht das letzte Mal etwas \u00fcber die Blueskings gelesen haben.<\/p>\n\n\n\n<figure class=\"wp-block-image size-full\"><img loading=\"lazy\" decoding=\"async\" width=\"1024\" height=\"683\" src=\"https:\/\/www.udomittendrin.de\/udomittendrin\/wordpress\/wp-content\/uploads\/2023\/11\/BluesNight_by_cUdoKewitsch-1543.jpg\" alt=\"\" class=\"wp-image-1032\" srcset=\"https:\/\/www.udomittendrin.de\/udomittendrin\/wordpress\/wp-content\/uploads\/2023\/11\/BluesNight_by_cUdoKewitsch-1543.jpg 1024w, https:\/\/www.udomittendrin.de\/udomittendrin\/wordpress\/wp-content\/uploads\/2023\/11\/BluesNight_by_cUdoKewitsch-1543-300x200.jpg 300w, https:\/\/www.udomittendrin.de\/udomittendrin\/wordpress\/wp-content\/uploads\/2023\/11\/BluesNight_by_cUdoKewitsch-1543-768x512.jpg 768w, https:\/\/www.udomittendrin.de\/udomittendrin\/wordpress\/wp-content\/uploads\/2023\/11\/BluesNight_by_cUdoKewitsch-1543-508x339.jpg 508w\" sizes=\"auto, (max-width: 1024px) 100vw, 1024px\" \/><\/figure>\n\n\n\n<p><br>Edwin Kimmler d\u00fcrfte den meisten ein Begriff sein. 45 Jahre&nbsp;gewaltige Pr\u00e4senz auf der B\u00fchne, so auch an diesem Abend. Sein Solo Auftritt war vielschichtig und \u00e4u\u00dferst unterhaltsam. Einerlei ob Gitarre, Mundharmonika, stampfend mit den F\u00fc\u00dfen oder&nbsp;virtuos mit den Fingern am Piano den Boogie Woogie zelebrierend. Der Mann ist Entertainer, wenngleich einer der sich selbst nicht so&nbsp;wichtig nimmt, was ihn umso&nbsp;sympathischer macht. Kimmler spielt, juxt, dr\u00f6hnt, r\u00f6hrt und treibt die Tasten am Klavier zum Wahnsinn. Er holt das&nbsp;Publikum von den Sitzen, er verspricht den legend\u00e4ren Song&nbsp;\u201eFever\u201c so erotisch wie m\u00f6glich zu gestalten, was ihm mit&nbsp;Bravour gelingen sollte. Kimmler der sich alles selbst beigebracht hat stand schon \u00fcber 3000x auf den Brettern, die die Welt bedeuten. Soul, Blues,&nbsp;Rock \u00b4n Roll aber auch der Boogie finden bei ihm eine eigene&nbsp;Interpretin und es ist eine reine Freude ihn live&nbsp;zu erleben. Die n\u00e4chste Gelegenheit ist am 13. Dezember auf dem Tollwood&nbsp;Festival in M\u00fcnchen.<\/p>\n\n\n\n<figure class=\"wp-block-image size-full\"><img loading=\"lazy\" decoding=\"async\" width=\"1024\" height=\"683\" src=\"https:\/\/www.udomittendrin.de\/udomittendrin\/wordpress\/wp-content\/uploads\/2023\/11\/BluesNight_by_cUdoKewitsch-1579.jpg\" alt=\"\" class=\"wp-image-1033\" srcset=\"https:\/\/www.udomittendrin.de\/udomittendrin\/wordpress\/wp-content\/uploads\/2023\/11\/BluesNight_by_cUdoKewitsch-1579.jpg 1024w, https:\/\/www.udomittendrin.de\/udomittendrin\/wordpress\/wp-content\/uploads\/2023\/11\/BluesNight_by_cUdoKewitsch-1579-300x200.jpg 300w, https:\/\/www.udomittendrin.de\/udomittendrin\/wordpress\/wp-content\/uploads\/2023\/11\/BluesNight_by_cUdoKewitsch-1579-768x512.jpg 768w, https:\/\/www.udomittendrin.de\/udomittendrin\/wordpress\/wp-content\/uploads\/2023\/11\/BluesNight_by_cUdoKewitsch-1579-508x339.jpg 508w\" sizes=\"auto, (max-width: 1024px) 100vw, 1024px\" \/><\/figure>\n\n\n\n<p><br>Last but not least w\u00e4re da noch eingangs erw\u00e4hnte Bernard Allison, der eingefleischten Blues Fans sicherlich ein Begriff ist. Sein Deb\u00fct gab er 1990, fortan st\u00fcrmte er die Blues Charts und ist mittlerweile&nbsp;preisgekr\u00f6nt. Seine Band ist amerikanisch cool, Eric Roberts am&nbsp;Keyboard ist ein Energieb\u00fcndel mit Tastenphantasien vor dem Herrn. Der Bassist George Moye das eklatante Gegenteil &#8211; cool und in sich ruhend, als g\u00e4be es keinen&nbsp;Rhythmus, den er doch selbst so wunderbar darbietet. Der Mario Dawson an den Drums groovt mit Perfektion. Bernard selbst ist schwer zu greifen, scheint er doch in sich und seine Gitarre versunken. Die Riffs kommen souver\u00e4n und er holt aus seinen sechs Saiten T\u00f6ne aus einer anderen Galaxie.&nbsp;<br>Alles in allem ein toller Abend in feinem Ambiente mit einer Top Besetzung, allen voran der frischen Jugend aus&nbsp;Siegsdorf. Gerne wieder.<\/p>\n\n\n\n<figure class=\"wp-block-image size-full\"><img loading=\"lazy\" decoding=\"async\" width=\"1024\" height=\"683\" src=\"https:\/\/www.udomittendrin.de\/udomittendrin\/wordpress\/wp-content\/uploads\/2023\/11\/BluesNight_by_cUdoKewitsch-1699.jpg\" alt=\"\" class=\"wp-image-1034\" srcset=\"https:\/\/www.udomittendrin.de\/udomittendrin\/wordpress\/wp-content\/uploads\/2023\/11\/BluesNight_by_cUdoKewitsch-1699.jpg 1024w, https:\/\/www.udomittendrin.de\/udomittendrin\/wordpress\/wp-content\/uploads\/2023\/11\/BluesNight_by_cUdoKewitsch-1699-300x200.jpg 300w, https:\/\/www.udomittendrin.de\/udomittendrin\/wordpress\/wp-content\/uploads\/2023\/11\/BluesNight_by_cUdoKewitsch-1699-768x512.jpg 768w, https:\/\/www.udomittendrin.de\/udomittendrin\/wordpress\/wp-content\/uploads\/2023\/11\/BluesNight_by_cUdoKewitsch-1699-508x339.jpg 508w\" sizes=\"auto, (max-width: 1024px) 100vw, 1024px\" \/><\/figure>\n\n\n\n<p><br>(c) Udo&nbsp;Kewitsch, 12.11.23<\/p>\n\n\n\n<h2 class=\"wp-block-heading\">Kleiner Blick zur\u00fcck<\/h2>\n\n\n\n<p>seinerzeit Dez2013 &#8230; die Jungs haben sich entwickelt, in jeder Hinsicht ! Chapeau !<\/p>\n\n\n\n<figure class=\"wp-block-image size-full\"><img loading=\"lazy\" decoding=\"async\" width=\"1024\" height=\"731\" src=\"https:\/\/www.udomittendrin.de\/udomittendrin\/wordpress\/wp-content\/uploads\/2023\/11\/Tscheky_by_cUdoKewitsch-5444.jpg\" alt=\"\" class=\"wp-image-1041\" srcset=\"https:\/\/www.udomittendrin.de\/udomittendrin\/wordpress\/wp-content\/uploads\/2023\/11\/Tscheky_by_cUdoKewitsch-5444.jpg 1024w, https:\/\/www.udomittendrin.de\/udomittendrin\/wordpress\/wp-content\/uploads\/2023\/11\/Tscheky_by_cUdoKewitsch-5444-300x214.jpg 300w, https:\/\/www.udomittendrin.de\/udomittendrin\/wordpress\/wp-content\/uploads\/2023\/11\/Tscheky_by_cUdoKewitsch-5444-768x548.jpg 768w, https:\/\/www.udomittendrin.de\/udomittendrin\/wordpress\/wp-content\/uploads\/2023\/11\/Tscheky_by_cUdoKewitsch-5444-508x363.jpg 508w\" sizes=\"auto, (max-width: 1024px) 100vw, 1024px\" \/><\/figure>\n","protected":false},"excerpt":{"rendered":"<p>Tscheky &amp; the Blues Kings geben der Blues Night Schwung Hauptact Bernard Allison und Edwin Kimmler Die Siegsdorfer Band Tscheky &amp; Blueskings hat den Sprung geschafft. Vergangenen Donnerstag in der Abendschau des Bayrischen Rundfunks ein Live Auftritt mit Interview. Der Kartenverkauf f\u00fcr die Blues Night in Garching zog in der Folge sp\u00fcrbar an. Fernsehen hat [&hellip;]<\/p>\n","protected":false},"author":1,"featured_media":1037,"comment_status":"open","ping_status":"open","sticky":false,"template":"","format":"standard","meta":{"_monsterinsights_skip_tracking":false,"_monsterinsights_sitenote_active":false,"_monsterinsights_sitenote_note":"","_monsterinsights_sitenote_category":0,"footnotes":""},"categories":[3],"tags":[264,91,263,35,90,262],"class_list":["post-1031","post","type-post","status-publish","format-standard","has-post-thumbnail","hentry","category-concerte","tag-bernard-allison","tag-concert","tag-edwin-kimmler","tag-festival","tag-konzert","tag-tscheky-the-blueskings"],"_links":{"self":[{"href":"https:\/\/www.udomittendrin.de\/udomittendrin\/wordpress\/wp-json\/wp\/v2\/posts\/1031","targetHints":{"allow":["GET"]}}],"collection":[{"href":"https:\/\/www.udomittendrin.de\/udomittendrin\/wordpress\/wp-json\/wp\/v2\/posts"}],"about":[{"href":"https:\/\/www.udomittendrin.de\/udomittendrin\/wordpress\/wp-json\/wp\/v2\/types\/post"}],"author":[{"embeddable":true,"href":"https:\/\/www.udomittendrin.de\/udomittendrin\/wordpress\/wp-json\/wp\/v2\/users\/1"}],"replies":[{"embeddable":true,"href":"https:\/\/www.udomittendrin.de\/udomittendrin\/wordpress\/wp-json\/wp\/v2\/comments?post=1031"}],"version-history":[{"count":7,"href":"https:\/\/www.udomittendrin.de\/udomittendrin\/wordpress\/wp-json\/wp\/v2\/posts\/1031\/revisions"}],"predecessor-version":[{"id":1046,"href":"https:\/\/www.udomittendrin.de\/udomittendrin\/wordpress\/wp-json\/wp\/v2\/posts\/1031\/revisions\/1046"}],"wp:featuredmedia":[{"embeddable":true,"href":"https:\/\/www.udomittendrin.de\/udomittendrin\/wordpress\/wp-json\/wp\/v2\/media\/1037"}],"wp:attachment":[{"href":"https:\/\/www.udomittendrin.de\/udomittendrin\/wordpress\/wp-json\/wp\/v2\/media?parent=1031"}],"wp:term":[{"taxonomy":"category","embeddable":true,"href":"https:\/\/www.udomittendrin.de\/udomittendrin\/wordpress\/wp-json\/wp\/v2\/categories?post=1031"},{"taxonomy":"post_tag","embeddable":true,"href":"https:\/\/www.udomittendrin.de\/udomittendrin\/wordpress\/wp-json\/wp\/v2\/tags?post=1031"}],"curies":[{"name":"wp","href":"https:\/\/api.w.org\/{rel}","templated":true}]}}