{"id":1011,"date":"2023-10-10T22:51:36","date_gmt":"2023-10-10T20:51:36","guid":{"rendered":"https:\/\/www.udomittendrin.de\/udomittendrin\/wordpress\/?p=1011"},"modified":"2023-10-10T22:51:37","modified_gmt":"2023-10-10T20:51:37","slug":"adriano-celentano-tribute-band","status":"publish","type":"post","link":"https:\/\/www.udomittendrin.de\/udomittendrin\/wordpress\/2023\/10\/10\/adriano-celentano-tribute-band\/","title":{"rendered":"Adriano Celentano Tribute Band"},"content":{"rendered":"\n<h2 class=\"wp-block-heading\">Es ist nur eine Kopie &#8211; aber cool schon auch<\/h2>\n\n\n\n<p>Adriano Celentano Tribute Band &#8211;&nbsp;<\/p>\n\n\n\n<p>Fulminanter Auftritt in Salzburg<\/p>\n\n\n\n<p>Ich muss gestehen: das gro\u00dfformatige Foto auf dem Plakat irritierte mich. Zeigte es einen vermeintlichen Adriano Celentano in besten Jahren und k\u00fcndigte ein Konzert am 08.10. in der Szene Salzburg an. Nach kurzer Konzentration war klar: dieser Adriano ist \u201enur\u201c eine Kopie, der Termin ist echt. Die Rede ist von Adolfo Sebastiani, der zu Recht als Doppelg\u00e4nger des heutige 85ig j\u00e4hrigen Adriano Celentano bezeichnet werden darf, nur eben in der jungen Ausgabe. Adolfo ist der Kopf der Adriano Celentano Tribute Band und die Dante Soci\u00e9t\u00e9 lud zum Konzert. Das 11-k\u00f6pfige Ensemble \u201eLui e gli Amici del Re\u201c (Er und die Freunde des K\u00f6nigs) ist bereits seit \u00fcber zwanzig Jahren international unterwegs und begeistert europaweit das Publikum. So auch an diesem Abend in Salzburg. Italienische Lebenslust und Italo Flair gepaart mit den unvergessenen Hits \u201edes K\u00f6nigs\u201c, Adriano Celentano.<\/p>\n\n\n\n<figure class=\"wp-block-image size-full\"><img loading=\"lazy\" decoding=\"async\" width=\"1024\" height=\"683\" src=\"https:\/\/www.udomittendrin.de\/udomittendrin\/wordpress\/wp-content\/uploads\/2023\/10\/Adriano_by_c-www.udokah.de-1102.jpg\" alt=\"\" class=\"wp-image-1015\" srcset=\"https:\/\/www.udomittendrin.de\/udomittendrin\/wordpress\/wp-content\/uploads\/2023\/10\/Adriano_by_c-www.udokah.de-1102.jpg 1024w, https:\/\/www.udomittendrin.de\/udomittendrin\/wordpress\/wp-content\/uploads\/2023\/10\/Adriano_by_c-www.udokah.de-1102-300x200.jpg 300w, https:\/\/www.udomittendrin.de\/udomittendrin\/wordpress\/wp-content\/uploads\/2023\/10\/Adriano_by_c-www.udokah.de-1102-768x512.jpg 768w, https:\/\/www.udomittendrin.de\/udomittendrin\/wordpress\/wp-content\/uploads\/2023\/10\/Adriano_by_c-www.udokah.de-1102-508x339.jpg 508w\" sizes=\"auto, (max-width: 1024px) 100vw, 1024px\" \/><\/figure>\n\n\n\n<p>Die physische und stimmliche \u00c4hnlichkeit zum Original ist frappierend. Und so waren alle im ausverkauften ehemaligen Republic am Anton Neumayer Platz bereits vom ersten Song an bester Laune. \u201eIl Ragazzo della via Gluck\u201c oder das bekannte \u201eSerafino\u201c wurde ebenso dargeboten wie das etwas schmachtende \u201eAzzuro\u201c. Mir pers\u00f6nlich gefielen die \u201eschmissigen\u201c Disco Passagen wesentlich besser, diese waren auch der Anlass daf\u00fcr, dass das Publikum relativ schnell aus den Sitzen kam und begeistert den Takt fand. Video Einspielungen auf der gro\u00dfen Leinwand zeigten sowohl Ausschnitte aus besten Celentano Szenen aber auch Sebastiani in Aktion.&nbsp;<\/p>\n\n\n\n<p>Es mag \u00fcberliefert sein, das David Bowie seinen \u201eKollegen\u201c f\u00fcr einen &#8211; Zitat &#8211; \u201ewirklich merkw\u00fcrdigen Iditoten\u201c hielt, dies tut der Tatsache jedoch keinen Abbruch, dass selbiger durch seine Coolness und Tiefenentspanntheit jahrzehntelang auf der Erfolgswelle (ebenfalls) ganz oben schwamm und nicht nur durch Filme mit Ornella Muti ber\u00fchmt wurde, sondern eben auch durch die seine ihm ganz eigene Art und Interpretation der Songs. Italo Rap zu einer Zeit, wo noch niemand das Wort Rap \u00fcberhaupt buchstabieren konnte. \u00a0Ein Rock\u00b4n Roller der besonderen Art, der zum Inbegriff der Italo Coolness mit l\u00e4ssigster Attit\u00fcde wurde.<\/p>\n\n\n\n<figure class=\"wp-block-image size-full\"><img loading=\"lazy\" decoding=\"async\" width=\"1024\" height=\"683\" src=\"https:\/\/www.udomittendrin.de\/udomittendrin\/wordpress\/wp-content\/uploads\/2023\/10\/Adriano_by_c-www.udokah.de-0916.jpg\" alt=\"\" class=\"wp-image-1013\" srcset=\"https:\/\/www.udomittendrin.de\/udomittendrin\/wordpress\/wp-content\/uploads\/2023\/10\/Adriano_by_c-www.udokah.de-0916.jpg 1024w, https:\/\/www.udomittendrin.de\/udomittendrin\/wordpress\/wp-content\/uploads\/2023\/10\/Adriano_by_c-www.udokah.de-0916-300x200.jpg 300w, https:\/\/www.udomittendrin.de\/udomittendrin\/wordpress\/wp-content\/uploads\/2023\/10\/Adriano_by_c-www.udokah.de-0916-768x512.jpg 768w, https:\/\/www.udomittendrin.de\/udomittendrin\/wordpress\/wp-content\/uploads\/2023\/10\/Adriano_by_c-www.udokah.de-0916-508x339.jpg 508w\" sizes=\"auto, (max-width: 1024px) 100vw, 1024px\" \/><\/figure>\n\n\n\n<p>Dies Coolness zu kopieren gelang Adolfo Sebastiani nicht zu 100% \u2026 stimmlich keine Zweifel aber das Bewegungstalent eines Adriano ist scheinbar nur schwer kopierbar. So blieb es bei einem musikalisch hervorragenden Konzert mit einem \u201eAdriano\u201c in den besten Jahren.&nbsp;<\/p>\n\n\n\n<p>(c) Udo Kewitsch, 10.10.23<\/p>\n\n\n\n<figure class=\"wp-block-image size-full\"><img loading=\"lazy\" decoding=\"async\" width=\"1024\" height=\"683\" src=\"https:\/\/www.udomittendrin.de\/udomittendrin\/wordpress\/wp-content\/uploads\/2023\/10\/Adriano_by_c-www.udokah.de-1025.jpg\" alt=\"\" class=\"wp-image-1014\" srcset=\"https:\/\/www.udomittendrin.de\/udomittendrin\/wordpress\/wp-content\/uploads\/2023\/10\/Adriano_by_c-www.udokah.de-1025.jpg 1024w, https:\/\/www.udomittendrin.de\/udomittendrin\/wordpress\/wp-content\/uploads\/2023\/10\/Adriano_by_c-www.udokah.de-1025-300x200.jpg 300w, https:\/\/www.udomittendrin.de\/udomittendrin\/wordpress\/wp-content\/uploads\/2023\/10\/Adriano_by_c-www.udokah.de-1025-768x512.jpg 768w, https:\/\/www.udomittendrin.de\/udomittendrin\/wordpress\/wp-content\/uploads\/2023\/10\/Adriano_by_c-www.udokah.de-1025-508x339.jpg 508w\" sizes=\"auto, (max-width: 1024px) 100vw, 1024px\" \/><\/figure>\n","protected":false},"excerpt":{"rendered":"<p>Es ist nur eine Kopie &#8211; aber cool schon auch Adriano Celentano Tribute Band &#8211;&nbsp; Fulminanter Auftritt in Salzburg Ich muss gestehen: das gro\u00dfformatige Foto auf dem Plakat irritierte mich. Zeigte es einen vermeintlichen Adriano Celentano in besten Jahren und k\u00fcndigte ein Konzert am 08.10. in der Szene Salzburg an. Nach kurzer Konzentration war klar: [&hellip;]<\/p>\n","protected":false},"author":1,"featured_media":1014,"comment_status":"open","ping_status":"open","sticky":false,"template":"","format":"standard","meta":{"_monsterinsights_skip_tracking":false,"_monsterinsights_sitenote_active":false,"_monsterinsights_sitenote_note":"","_monsterinsights_sitenote_category":0,"footnotes":""},"categories":[1,3],"tags":[256,91,257,90,109],"class_list":["post-1011","post","type-post","status-publish","format-standard","has-post-thumbnail","hentry","category-allgemein","category-concerte","tag-adriano-celentano","tag-concert","tag-italo","tag-konzert","tag-salzburg"],"_links":{"self":[{"href":"https:\/\/www.udomittendrin.de\/udomittendrin\/wordpress\/wp-json\/wp\/v2\/posts\/1011","targetHints":{"allow":["GET"]}}],"collection":[{"href":"https:\/\/www.udomittendrin.de\/udomittendrin\/wordpress\/wp-json\/wp\/v2\/posts"}],"about":[{"href":"https:\/\/www.udomittendrin.de\/udomittendrin\/wordpress\/wp-json\/wp\/v2\/types\/post"}],"author":[{"embeddable":true,"href":"https:\/\/www.udomittendrin.de\/udomittendrin\/wordpress\/wp-json\/wp\/v2\/users\/1"}],"replies":[{"embeddable":true,"href":"https:\/\/www.udomittendrin.de\/udomittendrin\/wordpress\/wp-json\/wp\/v2\/comments?post=1011"}],"version-history":[{"count":2,"href":"https:\/\/www.udomittendrin.de\/udomittendrin\/wordpress\/wp-json\/wp\/v2\/posts\/1011\/revisions"}],"predecessor-version":[{"id":1016,"href":"https:\/\/www.udomittendrin.de\/udomittendrin\/wordpress\/wp-json\/wp\/v2\/posts\/1011\/revisions\/1016"}],"wp:featuredmedia":[{"embeddable":true,"href":"https:\/\/www.udomittendrin.de\/udomittendrin\/wordpress\/wp-json\/wp\/v2\/media\/1014"}],"wp:attachment":[{"href":"https:\/\/www.udomittendrin.de\/udomittendrin\/wordpress\/wp-json\/wp\/v2\/media?parent=1011"}],"wp:term":[{"taxonomy":"category","embeddable":true,"href":"https:\/\/www.udomittendrin.de\/udomittendrin\/wordpress\/wp-json\/wp\/v2\/categories?post=1011"},{"taxonomy":"post_tag","embeddable":true,"href":"https:\/\/www.udomittendrin.de\/udomittendrin\/wordpress\/wp-json\/wp\/v2\/tags?post=1011"}],"curies":[{"name":"wp","href":"https:\/\/api.w.org\/{rel}","templated":true}]}}